{"id":50798,"date":"2016-07-14T07:15:59","date_gmt":"2016-07-14T10:15:59","guid":{"rendered":"http:\/\/argentinamunicipal.com.ar\/argentina\/?p=50798"},"modified":"2016-07-14T07:15:59","modified_gmt":"2016-07-14T10:15:59","slug":"deheza-invertira-26-millones-la-nueva-red-agua-potable","status":"publish","type":"post","link":"http:\/\/argentinamunicipal.com.ar\/argentina\/deheza-invertira-26-millones-la-nueva-red-agua-potable\/","title":{"rendered":"Deheza invertir\u00e1 $ 26 millones en la nueva red de agua potable"},"content":{"rendered":"<p>Lo anunci\u00f3 el intendente en una sesi\u00f3n especial del Concejo. Se har\u00e1 en 3 etapas y buscar\u00e1 dar soluciones a la baja de presi\u00f3n en per\u00edodos estivales<\/p>\n<p>En una sesi\u00f3n especial del Concejo Deliberante dehecino realizada en la noche del pasado lunes, el intendente Franco Morra anunci\u00f3 la construcci\u00f3n de una nueva red de agua potable para la ciudad, que demandar\u00e1 una inversi\u00f3n estimada en m\u00e1s $ 26 millones.<\/p>\n<p>Se trata de la presentaci\u00f3n oficial del proyecto de \u201cReacondicionamiento y Ampliaci\u00f3n del Sistema de Abastecimiento y de Agua Potable\u201d, que cont\u00f3 con la presencia del ingeniero civil, Juan Bresciano, y la fundamentaci\u00f3n del arquitecto Sebasti\u00e1n Malatini, secretario de Desarrollo Urbano Municipal.<\/p>\n<p>En ese contexto, Morra explic\u00f3 sobre la gesti\u00f3n de fondos para la concreci\u00f3n de la obra. \u201cEs el proyecto prioritario de nuestra gesti\u00f3n, tal como lo son los servicios b\u00e1sicos de energ\u00eda, cloacas y agua\u201d, dijo Morra.<\/p>\n<p>El ingeniero Bresciano, a cargo de la obra, explic\u00f3 en detalle los alcances y fundamentos de la misma, pensada en tres etapas. En la primera se realizar\u00e1 el completamiento de las ca\u00f1er\u00edas existentes sin servicio, formaci\u00f3n de mallas cerradas y reemplazo de las derivaciones domiciliarias de la zona c\u00e9ntrica.<\/p>\n<p>Para una segunda etapa, se prev\u00e9 la ampliaci\u00f3n de la red existente para permitir nuevos lotes, ejecuci\u00f3n de una nueva perforaci\u00f3n y zonificaci\u00f3n de las \u00e1reas asignadas a cada fuente de suministro.<\/p>\n<p>Y por \u00faltimo, en una tercera etapa, se proyecta construir dos nuevas cisternas con capacidad de 1 mill\u00f3n de litros cada una, sumado a la ejecuci\u00f3n de un equipo de presurizaci\u00f3n y sala de bombeo.<\/p>\n<p>La falta de presi\u00f3n en algunos barrios, que en determinadas horas se quedaban sin agua, convirti\u00f3 a la red de agua potable en una de las necesidades y prioridades de la actual gesti\u00f3n encabezada por el intendente Morra.<\/p>\n<p>Dicha falencia se registra en particular en \u00e9pocas de mayor demanda y a causa del crecimiento demogr\u00e1fico que demuestra la ciudad, por la demarcaci\u00f3n de nuevos loteos y las nuevas construcciones que necesitan el servicio.<\/p>\n<p>Gestiones<\/p>\n<p>El intendente explic\u00f3 que para contar con los fondos necesarios estimados en algo m\u00e1s de $ 26 millones, fue presentado el proyecto ante el Enohsa, existiendo -seg\u00fan su propia consideraci\u00f3n- \u201cmuchas posibilidades de que sea adjudicado en el corto plazo un cr\u00e9dito a tasa muy baja\u201d.<\/p>\n<p>En tanto, dijo que adem\u00e1s anticip\u00f3 gestiones en paralelo en el \u00e1mbito provincial para reunir recursos provenientes del Fondo de Desarrollo Urbano, mediante la firma del Acuerdo Federal y una tercera opci\u00f3n dentro de la Mesa Provincia-Municipio, en la que tambi\u00e9n se presentar\u00e1 el proyecto de \u201cReacondicionamiento y Ampliaci\u00f3n del Sistema de Abastecimiento y de Agua Potable\u201d dado a conocer en la noche del lunes en la sesi\u00f3n especial del Concejo Deliberante.<\/p>\n<h6>Fuente: Puntal<\/h6>\n","protected":false},"excerpt":{"rendered":"<p>Lo anunci\u00f3 el intendente en una sesi\u00f3n especial del Concejo. Se har\u00e1 en 3 etapas y buscar\u00e1 dar soluciones a la baja de presi\u00f3n en per\u00edodos estivales<\/p>\n","protected":false},"author":2,"featured_media":50799,"comment_status":"closed","ping_status":"closed","sticky":false,"template":"","format":"standard","meta":{"footnotes":""},"categories":[2],"tags":[3],"class_list":["post-50798","post","type-post","status-publish","format-standard","has-post-thumbnail","hentry","category-informe-municipal","tag-cordoba"],"_links":{"self":[{"href":"http:\/\/argentinamunicipal.com.ar\/argentina\/wp-json\/wp\/v2\/posts\/50798","targetHints":{"allow":["GET"]}}],"collection":[{"href":"http:\/\/argentinamunicipal.com.ar\/argentina\/wp-json\/wp\/v2\/posts"}],"about":[{"href":"http:\/\/argentinamunicipal.com.ar\/argentina\/wp-json\/wp\/v2\/types\/post"}],"author":[{"embeddable":true,"href":"http:\/\/argentinamunicipal.com.ar\/argentina\/wp-json\/wp\/v2\/users\/2"}],"replies":[{"embeddable":true,"href":"http:\/\/argentinamunicipal.com.ar\/argentina\/wp-json\/wp\/v2\/comments?post=50798"}],"version-history":[{"count":0,"href":"http:\/\/argentinamunicipal.com.ar\/argentina\/wp-json\/wp\/v2\/posts\/50798\/revisions"}],"wp:featuredmedia":[{"embeddable":true,"href":"http:\/\/argentinamunicipal.com.ar\/argentina\/wp-json\/wp\/v2\/media\/50799"}],"wp:attachment":[{"href":"http:\/\/argentinamunicipal.com.ar\/argentina\/wp-json\/wp\/v2\/media?parent=50798"}],"wp:term":[{"taxonomy":"category","embeddable":true,"href":"http:\/\/argentinamunicipal.com.ar\/argentina\/wp-json\/wp\/v2\/categories?post=50798"},{"taxonomy":"post_tag","embeddable":true,"href":"http:\/\/argentinamunicipal.com.ar\/argentina\/wp-json\/wp\/v2\/tags?post=50798"}],"curies":[{"name":"wp","href":"https:\/\/api.w.org\/{rel}","templated":true}]}}