{"id":50807,"date":"2016-07-14T05:21:30","date_gmt":"2016-07-14T08:21:30","guid":{"rendered":"http:\/\/argentinamunicipal.com.ar\/argentina\/?p=50807"},"modified":"2016-07-14T07:25:52","modified_gmt":"2016-07-14T10:25:52","slug":"rosario-locales-pellegrini-pichincha-al-borde-del-abismo","status":"publish","type":"post","link":"http:\/\/argentinamunicipal.com.ar\/argentina\/rosario-locales-pellegrini-pichincha-al-borde-del-abismo\/","title":{"rendered":"Rosario: Locales de Pellegrini y Pichincha al borde del abismo"},"content":{"rendered":"<p>La Asociaci\u00f3n de Comerciantes del Paseo Pellegrini denunci\u00f3 que varios locales hist\u00f3ricos de los principales corredores gastron\u00f3micos de la ciudad debieron cerrar por los aumentos\u00a0de la electricidad y el gas.<\/p>\n<p>La Asociaci\u00f3n de Comerciantes del Paseo Pellegrini denunci\u00f3 que el tarifazo tuvo un duro impacto en la gastronom\u00eda, y que el mismo gener\u00f3 que varios locales tradicionales del Paseo Pellegrini y del barrio Pichincha debieron cerrar sus puertas. Adem\u00e1s, desliz\u00f3 que las llaves de negocios de los comercios se ofrecen muy por debajo de los precios del mercado.<\/p>\n<p>El empresario gastron\u00f3mico Leonardo Santero, uno de los referentes de la Asociaci\u00f3n de Comerciantes del Paseo Pellegrini, manifest\u00f3 que \u00abesta dif\u00edcil situaci\u00f3n es algo que se transmite en los locales gastron\u00f3micos, nosotros ya ven\u00edamos hace un tiempo largo con una baja rentabilidad por una inflaci\u00f3n constante durante a\u00f1os y este a\u00f1o se ha visto agravada. En Pellegrini y Pichincha han cerrado locales tradicionales\u00bb.<\/p>\n<p>Tambi\u00e9n se\u00f1al\u00f3 que \u00abse vio una merma muy grande del consumo. Obvio que hay locales que escapan a a esta realidad. Son los que est\u00e1n apuntados a clientes de las clases m\u00e1s alta\u00bb.<\/p>\n<p>\u00abLa situaci\u00f3n es complicada. En Pichincha y Pellegrini han cerrado muchos locales. Se est\u00e1n ofreciendo llaves de comercios tradicionales o que han sido referencia en la ciudad\u00bb, agreg\u00f3.<\/p>\n<p>Por ultim\u00f3 asegur\u00f3 que \u00abmantener las estructuras con la cantidad de empleados que conlleva tener un local gastron\u00f3mico se ha complicado\u00bb.<\/p>\n<h6>Fuente: Sin Mordaza<\/h6>\n","protected":false},"excerpt":{"rendered":"<p>La Asociaci\u00f3n de Comerciantes del Paseo Pellegrini denunci\u00f3 que varios locales hist\u00f3ricos de los principales corredores gastron\u00f3micos de la ciudad debieron cerrar por los aumentos de la electricidad y el gas.<\/p>\n","protected":false},"author":2,"featured_media":50808,"comment_status":"closed","ping_status":"closed","sticky":false,"template":"","format":"standard","meta":{"footnotes":""},"categories":[2],"tags":[10],"class_list":["post-50807","post","type-post","status-publish","format-standard","has-post-thumbnail","hentry","category-informe-municipal","tag-santa-fe"],"_links":{"self":[{"href":"http:\/\/argentinamunicipal.com.ar\/argentina\/wp-json\/wp\/v2\/posts\/50807","targetHints":{"allow":["GET"]}}],"collection":[{"href":"http:\/\/argentinamunicipal.com.ar\/argentina\/wp-json\/wp\/v2\/posts"}],"about":[{"href":"http:\/\/argentinamunicipal.com.ar\/argentina\/wp-json\/wp\/v2\/types\/post"}],"author":[{"embeddable":true,"href":"http:\/\/argentinamunicipal.com.ar\/argentina\/wp-json\/wp\/v2\/users\/2"}],"replies":[{"embeddable":true,"href":"http:\/\/argentinamunicipal.com.ar\/argentina\/wp-json\/wp\/v2\/comments?post=50807"}],"version-history":[{"count":0,"href":"http:\/\/argentinamunicipal.com.ar\/argentina\/wp-json\/wp\/v2\/posts\/50807\/revisions"}],"wp:featuredmedia":[{"embeddable":true,"href":"http:\/\/argentinamunicipal.com.ar\/argentina\/wp-json\/wp\/v2\/media\/50808"}],"wp:attachment":[{"href":"http:\/\/argentinamunicipal.com.ar\/argentina\/wp-json\/wp\/v2\/media?parent=50807"}],"wp:term":[{"taxonomy":"category","embeddable":true,"href":"http:\/\/argentinamunicipal.com.ar\/argentina\/wp-json\/wp\/v2\/categories?post=50807"},{"taxonomy":"post_tag","embeddable":true,"href":"http:\/\/argentinamunicipal.com.ar\/argentina\/wp-json\/wp\/v2\/tags?post=50807"}],"curies":[{"name":"wp","href":"https:\/\/api.w.org\/{rel}","templated":true}]}}