{"id":50810,"date":"2016-07-14T07:30:32","date_gmt":"2016-07-14T10:30:32","guid":{"rendered":"http:\/\/argentinamunicipal.com.ar\/argentina\/?p=50810"},"modified":"2016-07-14T07:30:32","modified_gmt":"2016-07-14T10:30:32","slug":"la-situacion-laboral-santa-fe-eje-consejo-economico-social","status":"publish","type":"post","link":"http:\/\/argentinamunicipal.com.ar\/argentina\/la-situacion-laboral-santa-fe-eje-consejo-economico-social\/","title":{"rendered":"La situaci\u00f3n laboral en Santa Fe, eje en el Consejo Econ\u00f3mico y Social"},"content":{"rendered":"<p>Se resolvi\u00f3 enviar una nota a la Naci\u00f3n para insistir con el planteo de que se revean los aumentos de tarifas en los servicios. Preocupaci\u00f3n de comerciantes y del sector productivo.<\/p>\n<p>El Consejo Econ\u00f3mico y Social de la provincia tuvo ayer su segundo plenario para analizar la situaci\u00f3n productiva, econ\u00f3mica y del trabajo en Santa Fe. Durante el encuentro, que estuvo presidido por el propio gobernador Miguel Lifschitz, se decidi\u00f3 -entre otros puntos- enviar una nota al gobierno nacional para reclamar por los aumentos tarifarios en materia energ\u00e9tica.<\/p>\n<p>Asimismo, se repas\u00f3 la situaci\u00f3n laboral y social de la provincia, a ra\u00edz de la nueva coyuntura nacional. En ese contexto, el ministro de Econom\u00eda, Gonzalo Saglione, brind\u00f3 detalles sobre el \u00faltimo endeudamiento aprobado por la Legislatura por 500 millones de d\u00f3lares, y sobre la negociaci\u00f3n -a\u00fan estancada- por la devoluci\u00f3n del 15% de coparticipaci\u00f3n retenida indebidamente. Tambi\u00e9n expuso el ministro de Trabajo, Julio Genessini, sobre la evoluci\u00f3n del empleo entre 2014 y 2016, que dej\u00f3 en evidencia un estancamiento en la generaci\u00f3n de nuevos empleos y una p\u00e9rdida de puestos de trabajo en el mercado informal, pero por una merma notable de la actividad. En el mismo sentido, gir\u00f3 la exposici\u00f3n del ministro Luis Contigiani sobre la situaci\u00f3n productiva.<\/p>\n<p>Tambi\u00e9n desde las diferentes entidades expusieron sus realidades. Por ejemplo, desde el Centro Comercial de Rosario plantearon que en los \u00faltimos meses cerraron sus puertas \u201c1.600 locales\u201d sin que se haya vuelto a generar una mayor demanda.<\/p>\n<p><strong>Convocatoria<\/strong><\/p>\n<p>Lifschitz destac\u00f3 la convocatoria a la reuni\u00f3n y la defini\u00f3 como \u201cimportante y calificada\u201d. \u201cConformamos un espacio de an\u00e1lisis para coincidir en cu\u00e1les son las posibilidades de desarrollo para el corto, mediano y largo plazo. \u00c9sa es la idea de este espacio de articulaci\u00f3n, reflexi\u00f3n e intercambio\u201d, destac\u00f3. Asimismo, consider\u00f3 como \u201coportuna\u201d la reuni\u00f3n, dado que \u201cestamos en un momento de dificultades en distintos \u00f3rdenes, pero tambi\u00e9n en un momento de expectativas\u201d.<\/p>\n<p>\u201cTodos tenemos una gran responsabilidad de llevar la provincia hacia adelante, de hacerla avanzar y progresar, en la medida de nuestras posibilidades y desde el lugar que cada uno de nosotros tenemos\u201d, manifest\u00f3..<\/p>\n<p><strong>Participantes<\/strong><\/p>\n<p>La asamblea se llev\u00f3 a cabo en el sal\u00f3n Blanco de Casa de Gobierno. Estuvieron presentes los ministros Saglione, Contigiani, Genesini; de Gobierno, Pablo Far\u00edas; de Infraestructura, Jos\u00e9 Garibay; de Desarrollo Social, Jorge Alvarez; de Ciencia, Eduardo Matozo; el asesor del Gabinete, Juan Carlos Zabalza; los secretarios de Estado de la Energ\u00eda, Ver\u00f3nica Geese, y de H\u00e1bitat, Diego Leone.<\/p>\n<p><strong>Organizaciones<\/strong><\/p>\n<p>En cuanto a las organizaciones, participaron por el sector empresario representantes de APA, Apymil, Asociaci\u00f3n Empresaria de Rosario, Bolsa de Comercio de Santa Fe, C\u00e1mara Argentina de la Construcci\u00f3n, Carsfe, CIL, Banco Coinar, Coninagro; por el sector de los trabajadores representantes de ATE y CGT, entre otras entidades acad\u00e9micas y greimales.<\/p>\n<h6>Fuente: El Litoral Santa fe<\/h6>\n","protected":false},"excerpt":{"rendered":"<p>Se resolvi\u00f3 enviar una nota a la Naci\u00f3n para insistir con el planteo de que se revean los aumentos de tarifas en los servicios. Preocupaci\u00f3n de comerciantes y del sector productivo.<\/p>\n","protected":false},"author":2,"featured_media":50811,"comment_status":"closed","ping_status":"closed","sticky":false,"template":"","format":"standard","meta":{"footnotes":""},"categories":[65],"tags":[10],"class_list":["post-50810","post","type-post","status-publish","format-standard","has-post-thumbnail","hentry","category-provincias","tag-santa-fe"],"_links":{"self":[{"href":"http:\/\/argentinamunicipal.com.ar\/argentina\/wp-json\/wp\/v2\/posts\/50810","targetHints":{"allow":["GET"]}}],"collection":[{"href":"http:\/\/argentinamunicipal.com.ar\/argentina\/wp-json\/wp\/v2\/posts"}],"about":[{"href":"http:\/\/argentinamunicipal.com.ar\/argentina\/wp-json\/wp\/v2\/types\/post"}],"author":[{"embeddable":true,"href":"http:\/\/argentinamunicipal.com.ar\/argentina\/wp-json\/wp\/v2\/users\/2"}],"replies":[{"embeddable":true,"href":"http:\/\/argentinamunicipal.com.ar\/argentina\/wp-json\/wp\/v2\/comments?post=50810"}],"version-history":[{"count":0,"href":"http:\/\/argentinamunicipal.com.ar\/argentina\/wp-json\/wp\/v2\/posts\/50810\/revisions"}],"wp:featuredmedia":[{"embeddable":true,"href":"http:\/\/argentinamunicipal.com.ar\/argentina\/wp-json\/wp\/v2\/media\/50811"}],"wp:attachment":[{"href":"http:\/\/argentinamunicipal.com.ar\/argentina\/wp-json\/wp\/v2\/media?parent=50810"}],"wp:term":[{"taxonomy":"category","embeddable":true,"href":"http:\/\/argentinamunicipal.com.ar\/argentina\/wp-json\/wp\/v2\/categories?post=50810"},{"taxonomy":"post_tag","embeddable":true,"href":"http:\/\/argentinamunicipal.com.ar\/argentina\/wp-json\/wp\/v2\/tags?post=50810"}],"curies":[{"name":"wp","href":"https:\/\/api.w.org\/{rel}","templated":true}]}}