{"id":50828,"date":"2016-07-14T05:48:57","date_gmt":"2016-07-14T08:48:57","guid":{"rendered":"http:\/\/argentinamunicipal.com.ar\/argentina\/?p=50828"},"modified":"2016-07-14T07:51:54","modified_gmt":"2016-07-14T10:51:54","slug":"se-lanza-la-sucesion-la-cgt","status":"publish","type":"post","link":"http:\/\/argentinamunicipal.com.ar\/argentina\/se-lanza-la-sucesion-la-cgt\/","title":{"rendered":"Se lanza la sucesi\u00f3n en la CGT"},"content":{"rendered":"<p>En un congreso en Ferro se dar\u00e1 hoy por finalizado el tercer mandato consecutivo del camionero en la CGT Azopardo y se elegir\u00e1 una conducci\u00f3n provisoria hasta que se unifiquen las tres centrales. Schmid, posible sucesor, sali\u00f3 muy duro contra Macri.<\/p>\n<p>Tras doce a\u00f1os al frente de la CGT Azopardo, Hugo Moyano dejar\u00e1 hoy formalmente la conducci\u00f3n de la principal central obrera del pa\u00eds. Un congreso cegetista que sesionar\u00e1 a partir de las 9 en el micro estadio del Club Ferrocarril Oeste dar\u00e1 por finalizado el tercer mandato consecutivo del camionero y elegir\u00e1 una direcci\u00f3n provisoria hasta el 22 de agosto, d\u00eda en que est\u00e1 previsto que las tres CGT se reunifiquen. En medio del traspaso, el posible sucesor de Moyano, Juan Carlos Schmid, volvi\u00f3 a salir muy duro contra el macrismo y anticip\u00f3 que convocar\u00e1 a \u201cparos y movilizaciones de los trabajadores de toda la Argentina\u201d.<\/p>\n<p>Schmid lidera la CATT, una confederaci\u00f3n de gremios del transporte terrestre, a\u00e9reo y mar\u00edtimo que ayer lo postul\u00f3 como candidato a encabezar la futura CGT unificada. La conferencia de prensa para su lanzamiento sirvi\u00f3 de escenario para que la CATT anticipara que propondr\u00e1 un paro general contra el Gobierno.<\/p>\n<p>\u201cHay una incertidumbre manifiesta, a\u00fan despu\u00e9s de haber entrado en el segundo semestre\u201d, dijo Schmid sobre la situaci\u00f3n econ\u00f3mica del pa\u00eds. Vamos a promover un plan de acci\u00f3n nacional por el complejo cuadro de situaci\u00f3n que atraviesa hoy el pueblo argentino, cuyo malestar m\u00e1s reciente es el cuadro tarifario\u201d.<\/p>\n<p>El dirigente carg\u00f3 contra el presidente Mauricio Macri al se\u00f1alar que \u201chay desmanejo e incapacidad\u201d ya que la cuesti\u00f3n de los incrementos \u201cse abord\u00f3 sin la debida preparaci\u00f3n\u201d. En esa l\u00ednea, record\u00f3 que el ministro de Hacienda y Finanzas, Alfonso Prat-Gay, \u201cprometi\u00f3 una inflaci\u00f3n del 25 por ciento anual, y recientemente dijo que la suba de precios ya alcanz\u00f3 al 42 por ciento\u201d, un defasaje que licu\u00f3 los acuerdos salariales firmados en las paritarias.<\/p>\n<p>Es \u201cinsuficiente lo que ha hecho el gobierno hasta el momento\u201d, concluy\u00f3 Schmid, para se\u00f1alar que \u201cla CATT va a llevar sus propuestas concretas\u201d de paros y movilizaci\u00f3nes antes del congreso de reunificaci\u00f3n de la CGT, a la reuni\u00f3n preparatoria del \u201c4 de agosto, para que el plenario de secretarios generales se ponga al frente del sindicalismo argentino\u201d.<\/p>\n<p>M\u00e1s all\u00e1 del paso al costado para permitir la unificaci\u00f3n de la CGT, y de los gestos que lo muestran con la ambici\u00f3n concentrada en la AFA, la apuesta de Moyano no incluye la intenci\u00f3n de desaparecer como figura sindical. Su sindicato, Camioneros, adherir\u00e1 al plan de lucha que lanzaron los gremios del transporte.<\/p>\n<p>Como el moyanismo con Schmid, cada sector sindical viene impulsando a su candidato para liderar la CGT unificada. La CGT oficial de Antonio Cal\u00f3 impulsa al titular de Sanidad, H\u00e9ctor Daer \u2013hermano de Rodolfo, que fue el jefe de la CGT del 96 a 2002\u2013. La CGT Azul y Blanca de Luis Barrionuevo propone al estacionero Carlos Acu\u00f1a. El Movimiento de Acci\u00f3n Sindical Argentino (MASA) del taxista Omar Viviani tiene como candidato al ferroviario Sergio Sassia. El macrista Ger\u00f3nimo \u201cMomo\u201d Venegas tambi\u00e9n se autopostul\u00f3. Con el aval de Cambiemos, viene tratando de juntar n\u00famero para quedar hoy como titular interino de la CGT Azopardo, lo que le dar\u00eda una mejor vidriera de cara al congreso de reunificaci\u00f3n del 22 de agosto. A su vez, los cegetistas de perfil m\u00e1s combativo, que integran la Corriente Pol\u00edtico Sindical Federal, lanzaron el martes al titular de la Bancaria, Sergio Palazzo, con la propuesta de una conducci\u00f3n colegiada para la futura CGT.<\/p>\n<p>\u201cVamos a reclamar uno de esos lugares\u201d, remarc\u00f3 ayer el dirigente de los bancarios, que explic\u00f3 que el sector que lidera \u201cha sumado muchas organizaciones gremiales que formaban el N\u00facleo del MTA, que luch\u00f3 contra el gobierno de (Carlos) Menem en su momento\u201d. La figura del titular de La Bancaria creci\u00f3 en estos siete meses en abierta oposici\u00f3n a las pol\u00edticas de Cambiemos. El suyo fue el primer sindicato cegetista que sali\u00f3 a protestar contra Macri. El d\u00eda en que el Presidente daba su discurso anual ante la asamblea Legislativa, marcharon al Congreso contra los despidos y fueron reprimidos por la polic\u00eda. Luego, logr\u00f3 la reincorporaci\u00f3n de esos cesanteados, al plantearlo como condici\u00f3n para firmar la paritaria. Palazzo llam\u00f3, en este sentido, a \u201crecuperar la rebeld\u00eda para la CGT\u201d.<\/p>\n<h6>Fuente: P\u00e1gina 12<\/h6>\n","protected":false},"excerpt":{"rendered":"<p>En un congreso en Ferro se dar\u00e1 hoy por finalizado el tercer mandato consecutivo del camionero en la CGT Azopardo y se elegir\u00e1 una conducci\u00f3n provisoria hasta que se unifiquen las tres centrales. Schmid, posible sucesor, sali\u00f3 muy duro contra Macri.<\/p>\n","protected":false},"author":2,"featured_media":50829,"comment_status":"closed","ping_status":"closed","sticky":false,"template":"","format":"standard","meta":{"footnotes":""},"categories":[8],"tags":[21],"class_list":["post-50828","post","type-post","status-publish","format-standard","has-post-thumbnail","hentry","category-informe-nacional","tag-argentina"],"_links":{"self":[{"href":"http:\/\/argentinamunicipal.com.ar\/argentina\/wp-json\/wp\/v2\/posts\/50828","targetHints":{"allow":["GET"]}}],"collection":[{"href":"http:\/\/argentinamunicipal.com.ar\/argentina\/wp-json\/wp\/v2\/posts"}],"about":[{"href":"http:\/\/argentinamunicipal.com.ar\/argentina\/wp-json\/wp\/v2\/types\/post"}],"author":[{"embeddable":true,"href":"http:\/\/argentinamunicipal.com.ar\/argentina\/wp-json\/wp\/v2\/users\/2"}],"replies":[{"embeddable":true,"href":"http:\/\/argentinamunicipal.com.ar\/argentina\/wp-json\/wp\/v2\/comments?post=50828"}],"version-history":[{"count":0,"href":"http:\/\/argentinamunicipal.com.ar\/argentina\/wp-json\/wp\/v2\/posts\/50828\/revisions"}],"wp:featuredmedia":[{"embeddable":true,"href":"http:\/\/argentinamunicipal.com.ar\/argentina\/wp-json\/wp\/v2\/media\/50829"}],"wp:attachment":[{"href":"http:\/\/argentinamunicipal.com.ar\/argentina\/wp-json\/wp\/v2\/media?parent=50828"}],"wp:term":[{"taxonomy":"category","embeddable":true,"href":"http:\/\/argentinamunicipal.com.ar\/argentina\/wp-json\/wp\/v2\/categories?post=50828"},{"taxonomy":"post_tag","embeddable":true,"href":"http:\/\/argentinamunicipal.com.ar\/argentina\/wp-json\/wp\/v2\/tags?post=50828"}],"curies":[{"name":"wp","href":"https:\/\/api.w.org\/{rel}","templated":true}]}}