{"id":50846,"date":"2016-07-14T05:10:16","date_gmt":"2016-07-14T08:10:16","guid":{"rendered":"http:\/\/argentinamunicipal.com.ar\/argentina\/?p=50846"},"modified":"2016-07-14T08:15:34","modified_gmt":"2016-07-14T11:15:34","slug":"50846-2","status":"publish","type":"post","link":"http:\/\/argentinamunicipal.com.ar\/argentina\/50846-2\/","title":{"rendered":"Construir\u00e1n una bicisenda para unir San Lorenzo y Puerto San Mart\u00edn"},"content":{"rendered":"<p>El nuevo carril se extender\u00e1 a lo largo de dos kil\u00f3metros, desde la intersecci\u00f3n con la calle Genaro Rold\u00e1n hasta el ingreso a Puerto General San Mart\u00edn.<\/p>\n<p>La municipalidad de San Lorenzo firm\u00f3 un convenio con las empresas YPF y Oil Combustibles para construir una bicisenda que unir\u00e1 San Lorenzo y Puerto San Mart\u00edn.<\/p>\n<p>El nuevo carril estar\u00e1 ubicado al este de la ruta 11 y ocupar\u00e1 unos dos mil metros, desde la intersecci\u00f3n con la calle Genaro Rold\u00e1n hasta el ingreso a Puerto General San Mart\u00edn. Se trata de la segunda ciclov\u00eda ubicada en San Lorenzo y la primera pensada desde un punto de vista metropolitano, teniendo en cuenta que comunicar\u00e1 a dos de las ciudades del Gran Rosario.<\/p>\n<p>El proyecto surge de un convenio firmado por el municipio sanlorencino con las empresas Oil Combustibles e YPF, que tienen sus plantas a lo largo de la traza. De acuerdo a ese convenio las empresas ejecutar\u00e1n la obra en un plazo de ocho meses.<\/p>\n<p>De forma paralela a esos predios industriales, y no sobre la ruta, se llevar\u00e1n a cabo las tareas que consistir\u00e1n en la remoci\u00f3n de suelo vegetal y la compactaci\u00f3n y nivelaci\u00f3n con 20 cent\u00edmetros de suelo seleccionado.<br \/>\nSobre esa superficie colocar\u00e1n las losas de hormig\u00f3n de dos metros de ancho por 10 cent\u00edmetros de espesor que constituir\u00e1n la bicisenda que unir\u00e1 a las dos ciudades metropolitanas. Esta bicisenda se suma a la que ya tiene la ciudad en el otro extremo, en el l\u00edmite con Fray Luis Beltr\u00e1n.<\/p>\n<p>De esta manera, es posible pensar de manera metropolitana la movilidad sustentable y es una oportunidad para que otras conexiones viales que unen a Rosario con ciudades del \u00e1rea metropolitana puedan ser analizadas para llevar adelante proyectos similares.<\/p>\n<h6>Fuente: sin Mordaza<\/h6>\n","protected":false},"excerpt":{"rendered":"<p>El nuevo carril se extender\u00e1 a lo largo de dos kil\u00f3metros, desde la intersecci\u00f3n con la calle Genaro Rold\u00e1n hasta el ingreso a Puerto General San Mart\u00edn.<\/p>\n","protected":false},"author":2,"featured_media":50847,"comment_status":"closed","ping_status":"closed","sticky":false,"template":"","format":"standard","meta":{"footnotes":""},"categories":[2],"tags":[10],"class_list":["post-50846","post","type-post","status-publish","format-standard","has-post-thumbnail","hentry","category-informe-municipal","tag-santa-fe"],"_links":{"self":[{"href":"http:\/\/argentinamunicipal.com.ar\/argentina\/wp-json\/wp\/v2\/posts\/50846","targetHints":{"allow":["GET"]}}],"collection":[{"href":"http:\/\/argentinamunicipal.com.ar\/argentina\/wp-json\/wp\/v2\/posts"}],"about":[{"href":"http:\/\/argentinamunicipal.com.ar\/argentina\/wp-json\/wp\/v2\/types\/post"}],"author":[{"embeddable":true,"href":"http:\/\/argentinamunicipal.com.ar\/argentina\/wp-json\/wp\/v2\/users\/2"}],"replies":[{"embeddable":true,"href":"http:\/\/argentinamunicipal.com.ar\/argentina\/wp-json\/wp\/v2\/comments?post=50846"}],"version-history":[{"count":0,"href":"http:\/\/argentinamunicipal.com.ar\/argentina\/wp-json\/wp\/v2\/posts\/50846\/revisions"}],"wp:featuredmedia":[{"embeddable":true,"href":"http:\/\/argentinamunicipal.com.ar\/argentina\/wp-json\/wp\/v2\/media\/50847"}],"wp:attachment":[{"href":"http:\/\/argentinamunicipal.com.ar\/argentina\/wp-json\/wp\/v2\/media?parent=50846"}],"wp:term":[{"taxonomy":"category","embeddable":true,"href":"http:\/\/argentinamunicipal.com.ar\/argentina\/wp-json\/wp\/v2\/categories?post=50846"},{"taxonomy":"post_tag","embeddable":true,"href":"http:\/\/argentinamunicipal.com.ar\/argentina\/wp-json\/wp\/v2\/tags?post=50846"}],"curies":[{"name":"wp","href":"https:\/\/api.w.org\/{rel}","templated":true}]}}