{"id":50884,"date":"2016-07-15T07:03:07","date_gmt":"2016-07-15T10:03:07","guid":{"rendered":"http:\/\/argentinamunicipal.com.ar\/argentina\/?p=50884"},"modified":"2016-07-15T07:03:07","modified_gmt":"2016-07-15T10:03:07","slug":"pringles-municipio-incorporara-15-personas-discapacidad","status":"publish","type":"post","link":"http:\/\/argentinamunicipal.com.ar\/argentina\/pringles-municipio-incorporara-15-personas-discapacidad\/","title":{"rendered":"Pringles: El municipio incorporar\u00e1 15 personas con discapacidad"},"content":{"rendered":"<p>A trav\u00e9s del Programa Promover Igualdad, ocho personas ya est\u00e1n trabajando en \u00e1reas p\u00fablicas del municipio. Desde el Gobierno del Intendente Carlos\u00a0Berterret adelantaron\u00a0que el pr\u00f3ximo mes se incorporar\u00e1n a siete personas m\u00e1s. \u00abEl objetivo que tiene esta gesti\u00f3n es acompa\u00f1ar a la gente con discapacidades\u00bb, dse\u00f1alaron.<\/p>\n<p>El Municipio de Coronel Pringles se encuentran trabajando en la incorporaci\u00f3n de personas con discapacidad en el \u00e1mbito laboral dentro de la funci\u00f3n p\u00fablica, espec\u00edficamente en la comuna local.<\/p>\n<p>El trabajo se realiza por medio del programa del Ministerio de Trabajo, Empleo y Seguridad de la Naci\u00f3n,\u00a0Promover Igualdad, las \u00e1reas de Tercera Edad y Discapacidad, y la Oficina de Empleo.<\/p>\n<p>Evangelina Valderrey, Directora de Cuidados y Prevenci\u00f3n Comunitaria del Municipio, explic\u00f3 que\u00a0a trav\u00e9s del Programa Promover Igualdad, ocho personas ya est\u00e1n trabajando en \u00e1reas p\u00fablicas.<\/p>\n<p>Adem\u00e1s indic\u00f3 que el pr\u00f3ximo mes se incorporar\u00e1n a siete personas m\u00e1s, teniendo como punto de partida una ordenanza que estipula un 4% de empleo para discapacitados que se necesita en un municipio.<\/p>\n<p>\u00abEsto marca el objetivo que tiene esta gesti\u00f3n de acompa\u00f1ar a la gente con estas discapacidades. Est\u00e1 en nuestro pensamiento que tiene que haber la igualdad de oportunidades\u00bb, concluy\u00f3 Valderrey.<\/p>\n<h6>Fuente: La Noticia 1.com<\/h6>\n","protected":false},"excerpt":{"rendered":"<p>A trav\u00e9s del Programa Promover Igualdad, ocho personas ya est\u00e1n trabajando en \u00e1reas p\u00fablicas del municipio. <\/p>\n","protected":false},"author":2,"featured_media":50885,"comment_status":"closed","ping_status":"closed","sticky":false,"template":"","format":"standard","meta":{"footnotes":""},"categories":[2],"tags":[12],"class_list":["post-50884","post","type-post","status-publish","format-standard","has-post-thumbnail","hentry","category-informe-municipal","tag-buenos-aires"],"_links":{"self":[{"href":"http:\/\/argentinamunicipal.com.ar\/argentina\/wp-json\/wp\/v2\/posts\/50884","targetHints":{"allow":["GET"]}}],"collection":[{"href":"http:\/\/argentinamunicipal.com.ar\/argentina\/wp-json\/wp\/v2\/posts"}],"about":[{"href":"http:\/\/argentinamunicipal.com.ar\/argentina\/wp-json\/wp\/v2\/types\/post"}],"author":[{"embeddable":true,"href":"http:\/\/argentinamunicipal.com.ar\/argentina\/wp-json\/wp\/v2\/users\/2"}],"replies":[{"embeddable":true,"href":"http:\/\/argentinamunicipal.com.ar\/argentina\/wp-json\/wp\/v2\/comments?post=50884"}],"version-history":[{"count":0,"href":"http:\/\/argentinamunicipal.com.ar\/argentina\/wp-json\/wp\/v2\/posts\/50884\/revisions"}],"wp:featuredmedia":[{"embeddable":true,"href":"http:\/\/argentinamunicipal.com.ar\/argentina\/wp-json\/wp\/v2\/media\/50885"}],"wp:attachment":[{"href":"http:\/\/argentinamunicipal.com.ar\/argentina\/wp-json\/wp\/v2\/media?parent=50884"}],"wp:term":[{"taxonomy":"category","embeddable":true,"href":"http:\/\/argentinamunicipal.com.ar\/argentina\/wp-json\/wp\/v2\/categories?post=50884"},{"taxonomy":"post_tag","embeddable":true,"href":"http:\/\/argentinamunicipal.com.ar\/argentina\/wp-json\/wp\/v2\/tags?post=50884"}],"curies":[{"name":"wp","href":"https:\/\/api.w.org\/{rel}","templated":true}]}}