{"id":50887,"date":"2016-07-15T07:07:22","date_gmt":"2016-07-15T10:07:22","guid":{"rendered":"http:\/\/argentinamunicipal.com.ar\/argentina\/?p=50887"},"modified":"2016-07-15T07:07:22","modified_gmt":"2016-07-15T10:07:22","slug":"recoleccion-residuos-mar-del-plata-servicio-caro-no-cumple-las-expectativas","status":"publish","type":"post","link":"http:\/\/argentinamunicipal.com.ar\/argentina\/recoleccion-residuos-mar-del-plata-servicio-caro-no-cumple-las-expectativas\/","title":{"rendered":"Recolecci\u00f3n de residuos en Mar del Plata: un servicio caro y que no cumple las expectativas"},"content":{"rendered":"<p>Los vecinos de distintas zonas denuncian que no se cumplen las frecuencias y que hay calles por las que dejaron de pasar. Tambi\u00e9n hay malestar con el barrido. La ciudad paga 45 millones de pesos por mes por este servicio.<\/p>\n<p>El servicio de recolecci\u00f3n de residuos volvi\u00f3 a estar en el ojo de la opini\u00f3n p\u00fablica esta semana, cuando sorpresivamente y por quinta vez en poco m\u00e1s de seis meses, la ciudad amaneci\u00f3 llena de bolsas de residuos, debido a un paro de los trabajadores del sector, en reclamo por sus salarios.<\/p>\n<p>La situaci\u00f3n, como cada vez que se repite, gener\u00f3 importante malestar entre los vecinos, instituciones y funcionarios, sobre todo por dos cuestiones b\u00e1sicas: Por un lado, la enorme suma de dinero mensual que el Municipio paga a la empresa concesionaria por el servicio y, por otro, debido a las grandes falencias que los vecinos -sobre todo de los barrios m\u00e1s alejados, pero tambi\u00e9n de zonas c\u00e9ntricas- observan, tanto en la frecuencia y cumplimiento de la recolecci\u00f3n, como el barrido y mantenimiento de las calzadas.<\/p>\n<p>Justamente en una nota publicada ayer por este medio, vecinos de los barrios m\u00e1s al norte de la ciudad, se quejaban por la falta de cumplimiento de la recolecci\u00f3n en esa zona -El Tejado, Colonia Barrag\u00e1n, Estaci\u00f3n Camet, Las Margaritas, entre otros-. En di\u00e1logo con este medio, se\u00f1alaban espec\u00edficamente que los camiones obvian la recolecci\u00f3n de bolsas a los costados de la Autov\u00eda, adem\u00e1s de no cumplir dentro de los barrios.<\/p>\n<p>\u201cSi no est\u00e1 la bolsita dentro del basur\u00edn, no la llevan\u201d confiaron vecinos, tambi\u00e9n de la zona Sur de la ciudad. Vale recordar que, por prestar todo el servicio de recolecci\u00f3n de residuos y barrido, la empresa 9 de Julio cobra un canon mensual de 45 millones de pesos. As\u00ed y todo, cada poco tiempo, generalmente sobre el quinto d\u00eda h\u00e1bil del mes, los empleados nucleados en el gremio de Camioneros, disponen un sorpresivo paro de actividades porque la empresa les informa que no cuenta con fondos para depositarles los salarios.<\/p>\n<p>La novela se reitera -este a\u00f1o van cuatro paros- y la ciudad en general y todos los habitantes en particular son afectados, con la desagradable imagen de abandono y suciedad de miles de bolsas de residuos sin levantar.<\/p>\n<p>Este a\u00f1o ocurri\u00f3 en los primeros d\u00edas de enero -en plena temporada estival- y fue recordada porque incluy\u00f3 la participaci\u00f3n en las negociaciones del propio Secretario General del a nivel nacional del Gremio y titular de la CGT Hugo Moyano, como pieza clave para que se reinicien las actividades. La medida se repiti\u00f3 en febrero, marzo y mayo, antes de la quinta medida de fuerza, siempre en reclamo salarial, en los primeros d\u00edas de este mes.<\/p>\n<p>Como en las anteriores oportunidades, fueron horas de inactividad, mientras se suced\u00edan reuniones, negociaciones y \u201caparec\u00edan\u201d los recursos para afrontar los compromisos salariales.<\/p>\n<p>Mientras, la ciudad y sus habitantes, volvieron a caminar entre pilas de basura, sobre todo en el centro donde, a la hora que se informa el paro, los encargados de edificios ya sacaron la basura a la calle.<\/p>\n<p>Los reclamos por incumplimientos de frecuencias son pr\u00e1cticamente diarios en las l\u00edneas de comunicaci\u00f3n de LA CAPITAL, especialmente el whatsapp, a trav\u00e9s del que los lectores expresan y comparten sus preocupaciones.<br \/>\nEn las zonas m\u00e1s cercanas al centro, donde la frecuencia de recolecci\u00f3n es diaria no se nota tanto, pero en los barrios en los que el cami\u00f3n pasa dos o -a lo sumo- tres veces por semana, los vecinos de quejan de que, aunque la informaci\u00f3n oficial da determinada informaci\u00f3n, en la pr\u00e1ctica no entienden qu\u00e9 d\u00edas deben sacar la bolsa negra -residuos org\u00e1nicos o no recuperables- y cu\u00e1l la verde -la de los materiales que se pueden recuperar en la planta de separaci\u00f3n-. Asimismo, denuncian que los camiones suelen evitar levantar las bolsas verdes.<\/p>\n<p>Con el paso del tiempo, los vecinos han aprendido a inferir los posibles motivos de los incumplimiento: las condiciones clim\u00e1ticas adversas suelen coincidir con los momentos en los que la recolecci\u00f3n no se cumple. Eso, en los lugares m\u00e1s alejados no es una nimiedad, dado que, luego, pueden sumarse cuatro o hasta cinco d\u00edas, sin contar con el servicio. En tanto, las l\u00edneas de informaci\u00f3n de la 9 de Julio, nunca dan respuestas satisfactorias. \u201cToman los reclamos, pero nunca se soluciona la situaci\u00f3n\u201d apuntan.<\/p>\n<p>En algunos sectores, los los habitantes se organizan y trasladan las bolsas a lugares \u201cm\u00e1s accesibles para los recolectores\u201d, pero esa estrategia no es infalible. A veces, cuando se apilan las bolsas, por ejemplo, en una esquina, los equipos de la empresa suelen pasarlos de largo.<\/p>\n<p>Seg\u00fan denuncian vecinalistas, el mal estado de las calles -es real muchas calles est\u00e1n en p\u00e9sima situaci\u00f3n, faltas de mantenimiento- es la explicaci\u00f3n por el no cumplimiento de los recorridos. Pero, aunque no lo cumplan por meses -porque el estado de las calles no mejora- el canon que perciben por el servicio si lo contempla, por lo que, adem\u00e1s, la empresa estar\u00eda cobrando un importe mayor al servicio que brinda.<\/p>\n<p>El pliego de licitaci\u00f3n del servicio contempla que, en casos de tener residuos especiales, de gran volumen, se pueda convocar a un cami\u00f3n almejero. Hay casos especiales en los que el servicio oficial no se ocupa y los vecinos deben contratar un contenedor, pero en muchos casos, si corresponde al oficial y, seg\u00fan las denuncias, no se logra que el almejero pase.<\/p>\n<p>Otro de los reclamos permanentes a trav\u00e9s de la l\u00ednea de Whatsapp del diario tiene que ver con el servicio de barrido de veredas. Esto se cumple solo en las zonas del centro, macrocentro, zonas comerciales y sector costero, pero muchos vecinos aseguran que jam\u00e1s lo observan.<\/p>\n<p>Solo en el centro y en la costa suelen verse los barrenderos, especialmente en temporada alta, pero los comerciantes de las zonas consideran que no con la frecuencia que se necesitar\u00eda, para que la ciudad se muestre con su mejor cara.<br \/>\nIncluso esa falta de cumplimiento de la limpieza de los cordones cuneta, termina afectando a los vecinos y a la ciudad tras las lluvias, porque la suciedad termina tapando los pluviales y ello generando anegamientos en distintas zonas, sobre todo las m\u00e1s bajas.<\/p>\n<p>Adem\u00e1s de las redes sociales y las denuncias medi\u00e1ticas, los vecinos intentan plantear la problem\u00e1tica en otros \u00e1mbitos. Por ejemplo, en la Defensor\u00eda del Pueblo, reciben un promedio de 10 denuncias por semana.<\/p>\n<h6>Fuente: La Capital Mar del Plata<\/h6>\n","protected":false},"excerpt":{"rendered":"<p>Los vecinos de distintas zonas denuncian que no se cumplen las frecuencias y que hay calles por las que dejaron de pasar. Tambi\u00e9n hay malestar con el barrido. La ciudad paga 45 millones de pesos por mes por este servicio.<\/p>\n","protected":false},"author":2,"featured_media":50888,"comment_status":"closed","ping_status":"closed","sticky":false,"template":"","format":"standard","meta":{"footnotes":""},"categories":[2],"tags":[12],"class_list":["post-50887","post","type-post","status-publish","format-standard","has-post-thumbnail","hentry","category-informe-municipal","tag-buenos-aires"],"_links":{"self":[{"href":"http:\/\/argentinamunicipal.com.ar\/argentina\/wp-json\/wp\/v2\/posts\/50887","targetHints":{"allow":["GET"]}}],"collection":[{"href":"http:\/\/argentinamunicipal.com.ar\/argentina\/wp-json\/wp\/v2\/posts"}],"about":[{"href":"http:\/\/argentinamunicipal.com.ar\/argentina\/wp-json\/wp\/v2\/types\/post"}],"author":[{"embeddable":true,"href":"http:\/\/argentinamunicipal.com.ar\/argentina\/wp-json\/wp\/v2\/users\/2"}],"replies":[{"embeddable":true,"href":"http:\/\/argentinamunicipal.com.ar\/argentina\/wp-json\/wp\/v2\/comments?post=50887"}],"version-history":[{"count":0,"href":"http:\/\/argentinamunicipal.com.ar\/argentina\/wp-json\/wp\/v2\/posts\/50887\/revisions"}],"wp:featuredmedia":[{"embeddable":true,"href":"http:\/\/argentinamunicipal.com.ar\/argentina\/wp-json\/wp\/v2\/media\/50888"}],"wp:attachment":[{"href":"http:\/\/argentinamunicipal.com.ar\/argentina\/wp-json\/wp\/v2\/media?parent=50887"}],"wp:term":[{"taxonomy":"category","embeddable":true,"href":"http:\/\/argentinamunicipal.com.ar\/argentina\/wp-json\/wp\/v2\/categories?post=50887"},{"taxonomy":"post_tag","embeddable":true,"href":"http:\/\/argentinamunicipal.com.ar\/argentina\/wp-json\/wp\/v2\/tags?post=50887"}],"curies":[{"name":"wp","href":"https:\/\/api.w.org\/{rel}","templated":true}]}}