{"id":50896,"date":"2016-07-15T07:30:11","date_gmt":"2016-07-15T10:30:11","guid":{"rendered":"http:\/\/argentinamunicipal.com.ar\/argentina\/?p=50896"},"modified":"2016-07-15T07:30:11","modified_gmt":"2016-07-15T10:30:11","slug":"ingreso-restringido-conicet","status":"publish","type":"post","link":"http:\/\/argentinamunicipal.com.ar\/argentina\/ingreso-restringido-conicet\/","title":{"rendered":"Con el ingreso restringido en el Conicet"},"content":{"rendered":"<p>La designaci\u00f3n de unos 850 investigadores y t\u00e9cnicos que fueron seleccionados el a\u00f1o pasado por concurso permanece parada por una nueva instancia de control del Ministerio de Modernizaci\u00f3n. El pr\u00f3ximo jueves habr\u00e1 una protesta.<\/p>\n<p>Investigadores y becarios del Conicet est\u00e1n reclamando por las trabas que est\u00e1n sufriendo por parte del gobierno nacional unos 850 cient\u00edficos y t\u00e9cnicos que ganaron sus concursos el a\u00f1o pasado pero que todav\u00eda no pudieron incorporarse al organismo. Desde la conducci\u00f3n del Conicet se\u00f1alaron que los recursos y las partidas est\u00e1n disponibles, pero que todav\u00eda no se efectivizan los cargos, algo que \u201ca esta altura no es normal\u201d. Los concursos realizados bajo la gesti\u00f3n anterior est\u00e1n siendo \u201crevisados y validados con la intenci\u00f3n de transparentar y agilizar los procesos\u201d, argumentaron desde el Ministerio de Modernizaci\u00f3n, que a partir del decreto 227\/2016 tiene la potestad de evaluar todos los ingresos en la administraci\u00f3n p\u00fablica. En esa instancia est\u00e1n paradas las designaciones de los investigadores y el personal de apoyo.<\/p>\n<p>\u201cQue se acelere el tr\u00e1mite en Modernizaci\u00f3n, por favor\u201d, pidi\u00f3 Dora Barrancos, directora en representaci\u00f3n del \u00e1rea de Ciencias Sociales y Humanidades del Conicet. \u201cEs una contradicci\u00f3n enorme el nulo control que tiene el macrismo en la regulaci\u00f3n del mercado y sus leyes, de una perspectiva liberal, en relaci\u00f3n con un control sumamente exhaustivo en este tipo de cuestiones de Estado, donde hay una gran centralizaci\u00f3n\u201d, reflexion\u00f3 Barrancos, soci\u00f3loga y docente.<\/p>\n<p>A partir del decreto 227\/2016, fechado en enero pasado, el Consejo Nacional de Investigaciones Cient\u00edficas y T\u00e9cnicas (Conicet), que es un ente aut\u00e1rquico, ya no puede efectivizar su planta. Hasta el a\u00f1o pasado el \u00fanico tr\u00e1mite que se hac\u00eda para que los concursados ingresaran era enviar las designaciones a la Jefatura de Gabinete, que procesaba los tr\u00e1mites estatales.<\/p>\n<p>El a\u00f1o pasado se concursaron cargos entrar tanto en la carrera del investigador cient\u00edfico (CIC) \u2013que son investigadores de planta del Conicet\u2013 como en la carrera del personal de apoyo (CPA) \u2013quienes brindan asistencia t\u00e9cnica en los diferentes institutos del organismo\u2013.<\/p>\n<p>\u201cEn total fueron m\u00e1s de 900 concursos aprobados en el 2015, que este a\u00f1o deber\u00edan haber sido efectivizados. Lo cierto es que en abril se efectivizaron solamente 50 y del resto no tenemos novedades, son m\u00e1s de 850 que est\u00e1n en stand by\u201d, se\u00f1al\u00f3 a este diario Alejandro Munt\u00f3, becario del Conicet que pertenece a la organizaci\u00f3n J\u00f3venes Cient\u00edficos Precarizados. Munt\u00f3 explic\u00f3 que los concursos siempre se aprobaron en tramos, pero \u201cen un contexto signado por problemas presupuestarios, admitido incluso por nuestras autoridades, y ante una ola de despidos en la administraci\u00f3n p\u00fablica, nos preocupa una demora que ya escapa incluso a lo que es \u2018normal\u2019 en el Conicet\u201d.<\/p>\n<p>\u201cSe demuestra una tremenda ineficacia burocr\u00e1tica que va en aumento, es un modelo de control en este aspecto, pero contrario al modelo de no control del mercado\u201d, remarc\u00f3 Barrancos. Agreg\u00f3 que esta situaci\u00f3n genera una gran inquietud e inestabilidad entre los investigadores.<\/p>\n<p>\u201cEl jueves de la pr\u00f3xima semana \u2013dijo Munt\u00f3\u2013 nos movilizamos al Conicet a las diez de la ma\u00f1ana para exigirles a las autoridades que den una respuesta. Adem\u00e1s, queremos una reuni\u00f3n con Alejandro Ceccatto\u201d (presidente del organismo). Tambi\u00e9n dijo que esa medida de protesta puede ser \u201cla primera de muchas\u201d, y que podr\u00eda seguirle otra manifestaci\u00f3n ante el Ministerio de Modernizaci\u00f3n. Munt\u00f3 se quej\u00f3 de que el Conicet no tenga delegados paritarios y dijo que ese es un elemento que forma parte de la precarizaci\u00f3n, porque tuvieron aumentos salariales muy por debajo de la inflaci\u00f3n.<\/p>\n<h6>Fuente: P\u00e1gina 12<\/h6>\n","protected":false},"excerpt":{"rendered":"<p>La designaci\u00f3n de unos 850 investigadores y t\u00e9cnicos que fueron seleccionados el a\u00f1o pasado por concurso permanece parada por una nueva instancia de control del Ministerio de Modernizaci\u00f3n. <\/p>\n","protected":false},"author":2,"featured_media":50897,"comment_status":"closed","ping_status":"closed","sticky":false,"template":"","format":"standard","meta":{"footnotes":""},"categories":[8],"tags":[21],"class_list":["post-50896","post","type-post","status-publish","format-standard","has-post-thumbnail","hentry","category-informe-nacional","tag-argentina"],"_links":{"self":[{"href":"http:\/\/argentinamunicipal.com.ar\/argentina\/wp-json\/wp\/v2\/posts\/50896","targetHints":{"allow":["GET"]}}],"collection":[{"href":"http:\/\/argentinamunicipal.com.ar\/argentina\/wp-json\/wp\/v2\/posts"}],"about":[{"href":"http:\/\/argentinamunicipal.com.ar\/argentina\/wp-json\/wp\/v2\/types\/post"}],"author":[{"embeddable":true,"href":"http:\/\/argentinamunicipal.com.ar\/argentina\/wp-json\/wp\/v2\/users\/2"}],"replies":[{"embeddable":true,"href":"http:\/\/argentinamunicipal.com.ar\/argentina\/wp-json\/wp\/v2\/comments?post=50896"}],"version-history":[{"count":0,"href":"http:\/\/argentinamunicipal.com.ar\/argentina\/wp-json\/wp\/v2\/posts\/50896\/revisions"}],"wp:featuredmedia":[{"embeddable":true,"href":"http:\/\/argentinamunicipal.com.ar\/argentina\/wp-json\/wp\/v2\/media\/50897"}],"wp:attachment":[{"href":"http:\/\/argentinamunicipal.com.ar\/argentina\/wp-json\/wp\/v2\/media?parent=50896"}],"wp:term":[{"taxonomy":"category","embeddable":true,"href":"http:\/\/argentinamunicipal.com.ar\/argentina\/wp-json\/wp\/v2\/categories?post=50896"},{"taxonomy":"post_tag","embeddable":true,"href":"http:\/\/argentinamunicipal.com.ar\/argentina\/wp-json\/wp\/v2\/tags?post=50896"}],"curies":[{"name":"wp","href":"https:\/\/api.w.org\/{rel}","templated":true}]}}