{"id":50899,"date":"2016-07-15T07:35:22","date_gmt":"2016-07-15T10:35:22","guid":{"rendered":"http:\/\/argentinamunicipal.com.ar\/argentina\/?p=50899"},"modified":"2016-07-15T07:35:22","modified_gmt":"2016-07-15T10:35:22","slug":"canals-sigue-agua-al-cuello","status":"publish","type":"post","link":"http:\/\/argentinamunicipal.com.ar\/argentina\/canals-sigue-agua-al-cuello\/","title":{"rendered":"Canals sigue con el agua al cuello"},"content":{"rendered":"<p>La Provincia prometi\u00f3 una obra de 15 millones de pesos, pero llevar\u00e1 tiempo. En el pueblo no dejan de subir las napas y los anegamientos tienen cercado a un hotel.<\/p>\n<p>Mientras los vecinos sienten que la localidad de Canals \u201cse hunde\u201d y luchan diariamente con los pozos negros colapsados, con el agua que aflora en el asfalto y con la amenaza de inundaci\u00f3n, desde la Provincia se anunci\u00f3 una inversi\u00f3n de m\u00e1s de 15 millones de pesos en dos canales paralelos a la ruta 3, capaces de aliviar la situaci\u00f3n en el futuro.<\/p>\n<p>La posada rural Flor, de Canals, ubicada junto a la ruta 8 (kil\u00f3metro 454), es una de las m\u00e1s perjudicadas por las aguas. Con capacidad para albergar a m\u00e1s de 30 personas, qued\u00f3 como una isla en medio de 300 hect\u00e1reas inundadas. \u201cLa situaci\u00f3n es dram\u00e1tica porque todo Canals est\u00e1 en un bajo, sin salida. Nosotros tenemos dos hect\u00e1reas inundadas, con entre 30 y 60 cent\u00edmetros de agua\u201d, explica Fernando Vald\u00e9z, due\u00f1o del hotel.<\/p>\n<p>Entre las causas del problema, Vald\u00e9z enumera que la ruta 8 y las v\u00edas ofician de contenci\u00f3n de las masas h\u00eddricas; se\u00f1ala que cuando se repaviment\u00f3 la ruta 8, no se hicieron alcantarillas y que todos los desag\u00fces del pueblo, y las aguas de alcantarillados rurales y caminos secundarios, se desviaron sin ninguna previsi\u00f3n hacia el mismo bajo en los \u00faltimos a\u00f1os. Plantea, adem\u00e1s, que geogr\u00e1ficamente, se trata de una cuenca endorreica: el agua se acumula entre las lomas.<\/p>\n<p>Valdez s\u00f3lo ha podido preservar un precario acceso a su posada y hoy tiene en marcha bombas las 24 horas para desagotar una peque\u00f1a porci\u00f3n del predio. \u201cSi no fuera porque somos cuatro familias las que vivimos de esto, por dignidad, ya tendr\u00eda que haber cerrado\u201d, se\u00f1ala.<\/p>\n<p>Considera que no hay una soluci\u00f3n de corto o mediano plazo. \u201cLo que tenemos es un enunciado para tranquilizar a la gente, la promesa de una obra que, si estuvi\u00e9ramos en Suiza, a lo mejor se hace en un a\u00f1o, pero estamos en Argentina y s\u00f3lo figura en el convenio el 20 por ciento del Presupuesto, unos tres millones (no los 15 o 20). Se espera que los productores pongan el resto. Es bastante de esperar que siga el curso del azar\u201d.<\/p>\n<p>Los vecinos de la localidad de Canals advierten con preocupaci\u00f3n en las redes sociales que \u201csi se llega a romper una defensa, entra el agua hasta la plaza\u201d y marcan el problema de las napas. \u201cNo se consiguen turnos para desagote de pozos, estamos llamando a atmosf\u00e9ricos de otras localidades. Estamos apuntalando las casas, brota el agua en las calles, hay gente dispuesta a cortar la ruta 8 para pedir urgente soluciones\u201d, testimonian.<\/p>\n<p>El intendente Carlos Peiretti sostiene que desde este jueves \u201cya se trabaja en la curva de Morea para construir los canales paralelos a la ruta 3, que solucionar\u00edan tambi\u00e9n la situaci\u00f3n de Colonia Bremen\u201d, localidad que est\u00e1 pr\u00e1cticamente aislada. Asegura que \u201cen la medida en que avancen las obras se va a notar inmediatamente un alivio\u201d y admite que prev\u00e9 solicitarles ayuda a los productores \u201cpara asegurar celeridad en los trabajos\u201d.<\/p>\n<p>El legislador por el departamento Uni\u00f3n, Dardo Iturria, confirm\u00f3 que la Provincia invertir\u00e1 \u201centre 15 y 20 millones, para hacer dos canales y un alteo y tambi\u00e9n carpeta asf\u00e1ltica en la ruta 3\u201d.<\/p>\n<p>\u201cFirmamos un convenio con el consorcio canalero, la primera etapa son tres millones, pero es decisi\u00f3n del gobernador Juan Schiaretti hacer toda la obra\u201d, afirma Iturria. Neg\u00f3 que la concreci\u00f3n del proyecto dependa del aporte que pudieran hacer los productores. \u201cLas m\u00e1quinas est\u00e1n disponibles y los recursos est\u00e1n, en estos momentos est\u00e1n supervisando la obra ingenieros de la Provincia y de la Naci\u00f3n. La Provincia ya firm\u00f3 el convenio y va a hacer la obra\u201d, insisti\u00f3.<\/p>\n<p><strong>Rodeada, Viamonte depende de taludes<\/strong><\/p>\n<p>La obra Canals beneficiar\u00eda tambi\u00e9n a Viamonte, que preserva con taludes el \u00fanico acceso que no est\u00e1 inundado.<\/p>\n<p><strong>Cerraron seis tambos en menos de tres meses<\/strong><\/p>\n<p>El agua corta los caminos rurales y afecta la producci\u00f3n local.<\/p>\n<p>Suma que resta. \u201cAl bajo precio, se agrega la imposibilidad de sacar la producci\u00f3n\u201d, dijo el intendente.<\/p>\n<h6>Fuente: La Voz del Interior<\/h6>\n","protected":false},"excerpt":{"rendered":"<p>La Provincia prometi\u00f3 una obra de 15 millones de pesos, pero llevar\u00e1 tiempo. En el pueblo no dejan de subir las napas y los anegamientos tienen cercado a un hotel.<\/p>\n","protected":false},"author":2,"featured_media":50900,"comment_status":"closed","ping_status":"closed","sticky":false,"template":"","format":"standard","meta":{"footnotes":""},"categories":[2],"tags":[3],"class_list":["post-50899","post","type-post","status-publish","format-standard","has-post-thumbnail","hentry","category-informe-municipal","tag-cordoba"],"_links":{"self":[{"href":"http:\/\/argentinamunicipal.com.ar\/argentina\/wp-json\/wp\/v2\/posts\/50899","targetHints":{"allow":["GET"]}}],"collection":[{"href":"http:\/\/argentinamunicipal.com.ar\/argentina\/wp-json\/wp\/v2\/posts"}],"about":[{"href":"http:\/\/argentinamunicipal.com.ar\/argentina\/wp-json\/wp\/v2\/types\/post"}],"author":[{"embeddable":true,"href":"http:\/\/argentinamunicipal.com.ar\/argentina\/wp-json\/wp\/v2\/users\/2"}],"replies":[{"embeddable":true,"href":"http:\/\/argentinamunicipal.com.ar\/argentina\/wp-json\/wp\/v2\/comments?post=50899"}],"version-history":[{"count":0,"href":"http:\/\/argentinamunicipal.com.ar\/argentina\/wp-json\/wp\/v2\/posts\/50899\/revisions"}],"wp:featuredmedia":[{"embeddable":true,"href":"http:\/\/argentinamunicipal.com.ar\/argentina\/wp-json\/wp\/v2\/media\/50900"}],"wp:attachment":[{"href":"http:\/\/argentinamunicipal.com.ar\/argentina\/wp-json\/wp\/v2\/media?parent=50899"}],"wp:term":[{"taxonomy":"category","embeddable":true,"href":"http:\/\/argentinamunicipal.com.ar\/argentina\/wp-json\/wp\/v2\/categories?post=50899"},{"taxonomy":"post_tag","embeddable":true,"href":"http:\/\/argentinamunicipal.com.ar\/argentina\/wp-json\/wp\/v2\/tags?post=50899"}],"curies":[{"name":"wp","href":"https:\/\/api.w.org\/{rel}","templated":true}]}}