{"id":50915,"date":"2016-07-15T07:51:48","date_gmt":"2016-07-15T10:51:48","guid":{"rendered":"http:\/\/argentinamunicipal.com.ar\/argentina\/?p=50915"},"modified":"2016-07-15T07:51:48","modified_gmt":"2016-07-15T10:51:48","slug":"masiva-protesta-tarifazo","status":"publish","type":"post","link":"http:\/\/argentinamunicipal.com.ar\/argentina\/masiva-protesta-tarifazo\/","title":{"rendered":"Masiva protesta contra el tarifazo"},"content":{"rendered":"<p>Vecinos autoconvocados se concentraron en el Obelisco porte\u00f1o, frente a la residencia presidencial de Olivos y en las principales ciudades del pa\u00eds. Abundaron las cr\u00edticas contra el ministro Aranguren y los aumentos de los servicios, en especial del gas.<\/p>\n<p>Vecinos autoconvocados y agrupaciones pol\u00edticas participaron anoche de actos de protesta en el Obelisco, en otros puntos de la ciudad de Buenos Aires y en varias ciudades de todo el pa\u00eds, contra los aumentos de tarifas de los servicios p\u00fablicos del gas, la electricidad y el agua.<\/p>\n<p>En lo que constituy\u00f3 la primera muestra masiva en la Presidencia de Mauricio Macri, los manifestantes porte\u00f1os desafiaron una persistente llovizna y se expresaron con un \u201cruidazo\u201d haciendo sonar bocinas, adem\u00e1s de las cl\u00e1sicas cacerolas.<\/p>\n<p>Si bien hubo participaci\u00f3n de agrupaciones pol\u00edticas y sociales que se identificaban con banderas y pancartas, la mayor parte de los manifestantes se convoc\u00f3 en forma independiente, a trav\u00e9s de las redes sociales, con las consignas \u201cNo al tarifazo\u201d y \u201cChau (Juan Jos\u00e9) Aranguren\u201d, haciendo blanco de las cr\u00edticas en el ministro de Energ\u00eda, a quien reclamaron su renuncia.<\/p>\n<p>Adem\u00e1s del Obelisco, epicentro de la protesta, hubo concentraciones en barrios de la ciudad y frente a la Residencia Presidencial de Olivos.<\/p>\n<p>Muchos de los participantes aseguraron que concurrieron a las protestas ante los desmedidos aumentos en las facturas de los servicios p\u00fablicos, en especial el del gas.<\/p>\n<h6>Fuente: R\u00edo Negro<\/h6>\n","protected":false},"excerpt":{"rendered":"<p>Vecinos autoconvocados se concentraron en el Obelisco porte\u00f1o, frente a la residencia presidencial de Olivos y en las principales ciudades del pa\u00eds. Abundaron las cr\u00edticas contra el ministro Aranguren y los aumentos de los servicios<\/p>\n","protected":false},"author":2,"featured_media":50916,"comment_status":"closed","ping_status":"closed","sticky":false,"template":"","format":"standard","meta":{"footnotes":""},"categories":[8],"tags":[21],"class_list":["post-50915","post","type-post","status-publish","format-standard","has-post-thumbnail","hentry","category-informe-nacional","tag-argentina"],"_links":{"self":[{"href":"http:\/\/argentinamunicipal.com.ar\/argentina\/wp-json\/wp\/v2\/posts\/50915","targetHints":{"allow":["GET"]}}],"collection":[{"href":"http:\/\/argentinamunicipal.com.ar\/argentina\/wp-json\/wp\/v2\/posts"}],"about":[{"href":"http:\/\/argentinamunicipal.com.ar\/argentina\/wp-json\/wp\/v2\/types\/post"}],"author":[{"embeddable":true,"href":"http:\/\/argentinamunicipal.com.ar\/argentina\/wp-json\/wp\/v2\/users\/2"}],"replies":[{"embeddable":true,"href":"http:\/\/argentinamunicipal.com.ar\/argentina\/wp-json\/wp\/v2\/comments?post=50915"}],"version-history":[{"count":0,"href":"http:\/\/argentinamunicipal.com.ar\/argentina\/wp-json\/wp\/v2\/posts\/50915\/revisions"}],"wp:featuredmedia":[{"embeddable":true,"href":"http:\/\/argentinamunicipal.com.ar\/argentina\/wp-json\/wp\/v2\/media\/50916"}],"wp:attachment":[{"href":"http:\/\/argentinamunicipal.com.ar\/argentina\/wp-json\/wp\/v2\/media?parent=50915"}],"wp:term":[{"taxonomy":"category","embeddable":true,"href":"http:\/\/argentinamunicipal.com.ar\/argentina\/wp-json\/wp\/v2\/categories?post=50915"},{"taxonomy":"post_tag","embeddable":true,"href":"http:\/\/argentinamunicipal.com.ar\/argentina\/wp-json\/wp\/v2\/tags?post=50915"}],"curies":[{"name":"wp","href":"https:\/\/api.w.org\/{rel}","templated":true}]}}