{"id":50984,"date":"2016-07-18T07:50:46","date_gmt":"2016-07-18T10:50:46","guid":{"rendered":"http:\/\/argentinamunicipal.com.ar\/argentina\/?p=50984"},"modified":"2016-07-18T07:50:46","modified_gmt":"2016-07-18T10:50:46","slug":"proponen-la-creacion-una-oficina-municipal-alquileres-parana","status":"publish","type":"post","link":"http:\/\/argentinamunicipal.com.ar\/argentina\/proponen-la-creacion-una-oficina-municipal-alquileres-parana\/","title":{"rendered":"Proponen la creaci\u00f3n de una Oficina Municipal de Alquileres de Paran\u00e1"},"content":{"rendered":"<p>Mediante un proyecto de Ordenanza, la concejal Cristina Sosa propuso la creaci\u00f3n de la Oficina Municipal de Alquileres en el \u00e1mbito de la Municipalidad de Paran\u00e1, con la finalidad de accionar en favor de las personas que deben alquilar a instancia de las demandas de Inquilinos Organizados de Entre R\u00edos.<\/p>\n<p>Se trata de la segunda iniciativa que analizan en la ONG, luego de que el concejal Pablo Hern\u00e1ndez les acercara una propia.<\/p>\n<p>Uno de los puntos propuestos por Sosa es la creaci\u00f3n de un registro de inquilinos, aunque los autoconvocados realizaron algunos planteos al respecto.<\/p>\n<p>En efecto, desde la organizaci\u00f3n se\u00f1alan que se detuvieron en el an\u00e1lisis de dos puntos relevantes: uno, la creaci\u00f3n de un registro y, el otro es el \u00f3rgano de aplicaci\u00f3n.<\/p>\n<p>En este punto consideran que un registro de inquilinos, voluntario o no, puede perjudicarlos, puesto que puede transformarse en \u00abuna especie de Veraz\u00bb. \u00abEn todo caso, lo que se tendr\u00eda que establecer es un Registro de Inmuebles para alquilar, con la idea de celebrar acuerdos entre propietarios e inquilinos con el asesoramiento legal por parte del Municipio o la oficina que se cree\u00bb, propusieron.<\/p>\n<p>\u00abEn cualquiera de los casos, nuestra sugerencia es que basta con que est\u00e9 integrado por un abogado escogido por concurso; un abogado representando a la Defensor\u00eda del Pueblo; un martillero para realizar una tasaci\u00f3n y que la misma sea tomada como referencia; un cuerpo de inspectores: gasista, electricista, plomero y un maestro mayor de obra\u00bb, enfatizaron.<\/p>\n<p>Por \u00faltimo, recordaron que las dos iniciativas, que se parecen en lo esencial, ser\u00e1n analizadas por la ONG y las conclusiones ser\u00e1n presentadas en el espacio de Voz y Opini\u00f3n Ciudadana que gestionan en el Concejo Deliberante.<\/p>\n<h6>Fuente: Uno Entre R\u00edos<\/h6>\n","protected":false},"excerpt":{"rendered":"<p>Mediante un proyecto de Ordenanza, la concejal Cristina Sosa propuso la creaci\u00f3n de la Oficina Municipal de Alquileres en el \u00e1mbito de la Municipalidad de Paran\u00e1, con la finalidad de accionar en favor de las personas que deben alquilar <\/p>\n","protected":false},"author":2,"featured_media":50985,"comment_status":"closed","ping_status":"closed","sticky":false,"template":"","format":"standard","meta":{"footnotes":""},"categories":[2],"tags":[17],"class_list":["post-50984","post","type-post","status-publish","format-standard","has-post-thumbnail","hentry","category-informe-municipal","tag-entre-rios"],"_links":{"self":[{"href":"http:\/\/argentinamunicipal.com.ar\/argentina\/wp-json\/wp\/v2\/posts\/50984","targetHints":{"allow":["GET"]}}],"collection":[{"href":"http:\/\/argentinamunicipal.com.ar\/argentina\/wp-json\/wp\/v2\/posts"}],"about":[{"href":"http:\/\/argentinamunicipal.com.ar\/argentina\/wp-json\/wp\/v2\/types\/post"}],"author":[{"embeddable":true,"href":"http:\/\/argentinamunicipal.com.ar\/argentina\/wp-json\/wp\/v2\/users\/2"}],"replies":[{"embeddable":true,"href":"http:\/\/argentinamunicipal.com.ar\/argentina\/wp-json\/wp\/v2\/comments?post=50984"}],"version-history":[{"count":0,"href":"http:\/\/argentinamunicipal.com.ar\/argentina\/wp-json\/wp\/v2\/posts\/50984\/revisions"}],"wp:featuredmedia":[{"embeddable":true,"href":"http:\/\/argentinamunicipal.com.ar\/argentina\/wp-json\/wp\/v2\/media\/50985"}],"wp:attachment":[{"href":"http:\/\/argentinamunicipal.com.ar\/argentina\/wp-json\/wp\/v2\/media?parent=50984"}],"wp:term":[{"taxonomy":"category","embeddable":true,"href":"http:\/\/argentinamunicipal.com.ar\/argentina\/wp-json\/wp\/v2\/categories?post=50984"},{"taxonomy":"post_tag","embeddable":true,"href":"http:\/\/argentinamunicipal.com.ar\/argentina\/wp-json\/wp\/v2\/tags?post=50984"}],"curies":[{"name":"wp","href":"https:\/\/api.w.org\/{rel}","templated":true}]}}