{"id":50987,"date":"2016-07-18T07:56:47","date_gmt":"2016-07-18T10:56:47","guid":{"rendered":"http:\/\/argentinamunicipal.com.ar\/argentina\/?p=50987"},"modified":"2016-07-18T07:56:47","modified_gmt":"2016-07-18T10:56:47","slug":"municipio-gualeguaychu-rechazo-la-instalacion-otra-pastera-uruguay","status":"publish","type":"post","link":"http:\/\/argentinamunicipal.com.ar\/argentina\/municipio-gualeguaychu-rechazo-la-instalacion-otra-pastera-uruguay\/","title":{"rendered":"El municipio de Gualeguaych\u00fa rechaz\u00f3 la instalaci\u00f3n de otra pastera en Uruguay"},"content":{"rendered":"<p>Solicitan al Gobierno nacional que instrumente las acciones necesarias para rechazar la nueva f\u00e1brica que se construir\u00e1 a orillas del r\u00edo Negro que desemboca en el r\u00edo Uruguay y que Canciller\u00eda garantice el acatamiento al fallo de La Haya.<\/p>\n<p>Luego del anuncio oficial del Presidente uruguayo Tabar\u00e9 Vazquez confirmando la instalaci\u00f3n de una nueva f\u00e1brica de pasta de celulosa de UPM a orillas del R\u00edo Negro, desde el municipio de Gualeguaych\u00fa emitieron un comunicado en que el se\u00f1alan: \u00abAnte el anuncio realizado por el presidente del hermano pa\u00eds de Uruguay sobre la construcci\u00f3n de una nueva planta productora de pasta de celulosa, con mayor capacidad de producci\u00f3n que UPM (ex Botnia), el gobierno municipal de Gualeguaych\u00fa, manifiesta su rechazo ante esta posibilidad, debido a que la instalaci\u00f3n de esta nueva f\u00e1brica se har\u00e1 en las orillas del R\u00edo Negro, desembocando \u00e9ste en el r\u00edo Uruguay, lo que afectar\u00eda, como lo hace la planta de UPM, de manera directa el ambiente y la salud de nuestros vecinos\u00bb.<\/p>\n<p>La comuna sostiene que \u00abcon esta decisi\u00f3n, el gobierno uruguayo incumple una vez m\u00e1s el fallo de la Corte Internacional de La Haya, ya que este estableci\u00f3 que el conflicto no se agrave y recomend\u00f3 no volver a actuar de mala fe, as\u00ed como fue dispuesta la vigilancia integral y continua del funcionamiento de la planta de Botnia y de su impacto en el r\u00edo Uruguay y a\u00fan no fue cumplida\u00bb.<\/p>\n<p>En tal sentido, hace notar que \u00abla comunidad entrerriana, y especialmente la de Gualeguaych\u00fa y Pueblo Belgrano, contin\u00faa con la lucha iniciada hace m\u00e1s de 10 a\u00f1os ante la instalaci\u00f3n de la planta de Botnia, y esta actitud del gobierno uruguayo de instalar una nueva pastera demuestra que no tienen intenciones de llevar adelante pol\u00edticas p\u00fablicas activas en funci\u00f3n de garantizar los derechos de los ciudadanos, como lo es el derecho soberano de vivir en un ambiente sano y libre de contaminaci\u00f3n\u00bb.<\/p>\n<p>Asimismo, solicitan \u00abal gobierno Nacional que instrumente las acciones necesarias a trav\u00e9s de la Canciller\u00eda, para repudiar esta decisi\u00f3n del gobierno uruguayo, y se lleven adelante las medidas necesarias para evitar la instalaci\u00f3n de esta nueva planta\u00bb.<\/p>\n<p>\u00abDesde el gobierno municipal, junto a la Asamblea Ciudadana Ambiental tambi\u00e9n esperamos el total cumplimiento del fallo de la Corte de La Haya, por eso solicitamos que la Canciller\u00eda argentina garantice su acatamiento. Seguiremos d\u00eda a d\u00eda levantando las banderas de un ambiente sano para que nuestros hijos y las generaciones futuras puedan tener una mejor calidad de vida.\u00bb, cierra el escrito.<\/p>\n<h6>Fuente: El Once<\/h6>\n","protected":false},"excerpt":{"rendered":"<p>Solicitan al Gobierno nacional que instrumente las acciones necesarias para rechazar la nueva f\u00e1brica que se construir\u00e1 a orillas del r\u00edo Negro que desemboca en el r\u00edo Uruguay y que Canciller\u00eda garantice el acatamiento al fallo de La Haya.<\/p>\n","protected":false},"author":2,"featured_media":50988,"comment_status":"closed","ping_status":"closed","sticky":false,"template":"","format":"standard","meta":{"footnotes":""},"categories":[2],"tags":[17],"class_list":["post-50987","post","type-post","status-publish","format-standard","has-post-thumbnail","hentry","category-informe-municipal","tag-entre-rios"],"_links":{"self":[{"href":"http:\/\/argentinamunicipal.com.ar\/argentina\/wp-json\/wp\/v2\/posts\/50987","targetHints":{"allow":["GET"]}}],"collection":[{"href":"http:\/\/argentinamunicipal.com.ar\/argentina\/wp-json\/wp\/v2\/posts"}],"about":[{"href":"http:\/\/argentinamunicipal.com.ar\/argentina\/wp-json\/wp\/v2\/types\/post"}],"author":[{"embeddable":true,"href":"http:\/\/argentinamunicipal.com.ar\/argentina\/wp-json\/wp\/v2\/users\/2"}],"replies":[{"embeddable":true,"href":"http:\/\/argentinamunicipal.com.ar\/argentina\/wp-json\/wp\/v2\/comments?post=50987"}],"version-history":[{"count":0,"href":"http:\/\/argentinamunicipal.com.ar\/argentina\/wp-json\/wp\/v2\/posts\/50987\/revisions"}],"wp:featuredmedia":[{"embeddable":true,"href":"http:\/\/argentinamunicipal.com.ar\/argentina\/wp-json\/wp\/v2\/media\/50988"}],"wp:attachment":[{"href":"http:\/\/argentinamunicipal.com.ar\/argentina\/wp-json\/wp\/v2\/media?parent=50987"}],"wp:term":[{"taxonomy":"category","embeddable":true,"href":"http:\/\/argentinamunicipal.com.ar\/argentina\/wp-json\/wp\/v2\/categories?post=50987"},{"taxonomy":"post_tag","embeddable":true,"href":"http:\/\/argentinamunicipal.com.ar\/argentina\/wp-json\/wp\/v2\/tags?post=50987"}],"curies":[{"name":"wp","href":"https:\/\/api.w.org\/{rel}","templated":true}]}}