{"id":51026,"date":"2016-07-19T07:35:34","date_gmt":"2016-07-19T10:35:34","guid":{"rendered":"http:\/\/argentinamunicipal.com.ar\/argentina\/?p=51026"},"modified":"2016-07-19T07:35:34","modified_gmt":"2016-07-19T10:35:34","slug":"cotreco-insistira-municipio-rio-cuarto-indemnizar-los-trabajadores","status":"publish","type":"post","link":"http:\/\/argentinamunicipal.com.ar\/argentina\/cotreco-insistira-municipio-rio-cuarto-indemnizar-los-trabajadores\/","title":{"rendered":"Cotreco insistir\u00e1 en que el Municipio de R\u00edo Cuarto debe indemnizar a los trabajadores"},"content":{"rendered":"<p>El director de la empresa, que desde las 9 se re\u00fane por primera vez con el intendente Llamosas, sostiene que la deuda pertenece \u201cexclusivamente\u201d al Estado. \u201cNo esperamos que nos pidan que paguemos\u201d<\/p>\n<p>Cotreco insistir\u00e1 hoy en que le corresponde al Municipio pagarle la indemnizaci\u00f3n a los trabajadores cuando se termine el contrato que une a la firma y al Estado local. As\u00ed lo se\u00f1al\u00f3 su director ejecutivo, Horacio Busso, quien dijo que debe responder por la ex Gamsur y abonar los 100 millones de pesos que reclama el gremio Surrbac en base a su convenio colectivo. \u201cNo esperamos que nos pidan que paguemos\u201d, apunt\u00f3.<\/p>\n<p>El empresario parece no tener dudas acerca de qui\u00e9n debe hacerse cargo de las indemnizaciones. \u201cEst\u00e1 claro que le corresponde a la Municipalidad. La deuda es pura y exclusivamente municipal\u201d, apunt\u00f3.<\/p>\n<p>No siquiera esperan un pedido de auxilio de parte del Municipio. Al menos, y seg\u00fan dijo Busso, no tienen previsto que las autoridades les pidan que se hagan \u201ccargo de los 100 millones, porque ni siquiera corresponde que lo discutamos\u201d.<\/p>\n<p>Tal como public\u00f3 este diario en su edici\u00f3n de ayer, la firma se aferra a una adenda incorporada al contrato de cesi\u00f3n de Gamsur a Cotreco, el 31 de agosto de 2011. Con un \u00fanico art\u00edculo, ese agregado al convenio original establece que lo que no pague la mixta deber\u00e1 ser afrontado por la Municipalidad.<\/p>\n<p>Lo cierto es que esa interpretaci\u00f3n choca con la del Gobierno local. La gesti\u00f3n de Llamosas piensa que los 100 millones de pesos deber\u00e1n ser afrontados por Cotreco porque en los hechos es la empleadora y porque, si se acepta que el responsable \u00faltimo es el Municipio, Cotreco eludir\u00eda sus responsabilidades patronales.<\/p>\n<p>Por su parte, a trav\u00e9s de un comunicado, el Gobierno local sostuvo que la reuni\u00f3n de esta ma\u00f1ana -desde las 9- tiene el prop\u00f3sito de \u201ciniciar el di\u00e1logo y comenzar a establecer consensos entre el Municipio y la empresa encargada de prestar los servicios p\u00fablicos en nuestra ciudad\u201d.<\/p>\n<p>En esa misma l\u00ednea parecen ir algunas de las declaraciones que ayer hizo el director ejecutivo de Cotreco, cuando dijo que acompa\u00f1ar\u00e1n lo que decida el intendente para el servicio de higiene urbana en el futuro.<\/p>\n<p>\u201cVamos a colaborar en todo lo que el intendente necesite para la separaci\u00f3n de los servicios y durante la pr\u00f3rroga del contrato, mientras elaboran los pliegos para volver a licitar\u201d, apunt\u00f3 Busso.<\/p>\n<p>Yendo incluso m\u00e1s all\u00e1, el empresario destac\u00f3 que est\u00e1n dispuestos a participar de una eventual licitaci\u00f3n y que, si no se lo permiten, se ir\u00e1n de R\u00edo Cuarto.<\/p>\n<p><strong>\u201cEl 62% est\u00e1 conforme\u201d<\/strong><\/p>\n<p>En otro orden, el director ejecutivo de Cotreco indic\u00f3 que esta ma\u00f1ana le entregar\u00e1n a Llamosas los resultados de una encuesta en la que, seg\u00fan dijo, el 62 por ciento de los usuarios manifest\u00f3 que el servicio de recolecci\u00f3n de residuos s\u00f3lidos urbanos es \u201cbueno o muy bueno\u201d.<\/p>\n<p>Adem\u00e1s, Busso destac\u00f3 el trabajo que Cotreco hizo en el enterramiento sanitario. \u201cNos entregaron un enterramiento que estaba clausurado por la Provincia y hoy en d\u00eda es modelo en el pa\u00eds\u201d, asegur\u00f3.<\/p>\n<p>Por otro lado, admiti\u00f3 que el servicio m\u00e1s criticado por los riocuartenses es el de mantenimiento del alumbrado p\u00fablico, pero explic\u00f3 que se debe a que dependen de la inversi\u00f3n municipal y de Epec.<\/p>\n<p>Busso expres\u00f3 que buscar\u00e1n \u201ccertezas\u201d de cu\u00e1l ser\u00e1 el futuro del servicio. \u201cQueremos conocer qu\u00e9 es lo que va a pasar de ahora en adelante\u201d.<\/p>\n<p>Tambi\u00e9n desliz\u00f3 que le \u201cllama la atenci\u00f3n que se hagan nuevos pliegos, porque parece que no van a usar como base los actuales. \u201cSi lo hacen de cero, tardar\u00e1n m\u00e1s de 4 meses\u201d, se\u00f1al\u00f3.<\/p>\n<p><strong>Recepci\u00f3n de propuestas<\/strong><\/p>\n<p>A partir de hoy, el Gobierno municipal habilitar\u00e1 la recepci\u00f3n de demandas y propuestas ciudadanas en torno al esquema de higiene urbana. La definici\u00f3n se tom\u00f3 tras la reuni\u00f3n del intendente Juan Manuel Llamosas con los integrantes del Consejo Econ\u00f3mico y Social, pensando en la integraci\u00f3n de las ideas de todos los vecinos a la soluci\u00f3n de esta problem\u00e1tica.<\/p>\n<p>Se reciben demandas, propuestas, ideas y denuncias vinculadas al proceso de tratamiento de la basura, reciclado, cuidado del medio ambiente y temas afines en Mesa de Entradas del Palacio Municipal.<\/p>\n<h6>Fuente: Puntal<\/h6>\n","protected":false},"excerpt":{"rendered":"<p>El director de la empresa, que desde las 9 se re\u00fane por primera vez con el intendente Llamosas, sostiene que la deuda pertenece \u201cexclusivamente\u201d al Estado. \u201cNo esperamos que nos pidan que paguemos\u201d<\/p>\n","protected":false},"author":2,"featured_media":51027,"comment_status":"closed","ping_status":"closed","sticky":false,"template":"","format":"standard","meta":{"footnotes":""},"categories":[2],"tags":[3],"class_list":["post-51026","post","type-post","status-publish","format-standard","has-post-thumbnail","hentry","category-informe-municipal","tag-cordoba"],"_links":{"self":[{"href":"http:\/\/argentinamunicipal.com.ar\/argentina\/wp-json\/wp\/v2\/posts\/51026","targetHints":{"allow":["GET"]}}],"collection":[{"href":"http:\/\/argentinamunicipal.com.ar\/argentina\/wp-json\/wp\/v2\/posts"}],"about":[{"href":"http:\/\/argentinamunicipal.com.ar\/argentina\/wp-json\/wp\/v2\/types\/post"}],"author":[{"embeddable":true,"href":"http:\/\/argentinamunicipal.com.ar\/argentina\/wp-json\/wp\/v2\/users\/2"}],"replies":[{"embeddable":true,"href":"http:\/\/argentinamunicipal.com.ar\/argentina\/wp-json\/wp\/v2\/comments?post=51026"}],"version-history":[{"count":0,"href":"http:\/\/argentinamunicipal.com.ar\/argentina\/wp-json\/wp\/v2\/posts\/51026\/revisions"}],"wp:featuredmedia":[{"embeddable":true,"href":"http:\/\/argentinamunicipal.com.ar\/argentina\/wp-json\/wp\/v2\/media\/51027"}],"wp:attachment":[{"href":"http:\/\/argentinamunicipal.com.ar\/argentina\/wp-json\/wp\/v2\/media?parent=51026"}],"wp:term":[{"taxonomy":"category","embeddable":true,"href":"http:\/\/argentinamunicipal.com.ar\/argentina\/wp-json\/wp\/v2\/categories?post=51026"},{"taxonomy":"post_tag","embeddable":true,"href":"http:\/\/argentinamunicipal.com.ar\/argentina\/wp-json\/wp\/v2\/tags?post=51026"}],"curies":[{"name":"wp","href":"https:\/\/api.w.org\/{rel}","templated":true}]}}