{"id":51029,"date":"2016-07-19T07:37:28","date_gmt":"2016-07-19T10:37:28","guid":{"rendered":"http:\/\/argentinamunicipal.com.ar\/argentina\/?p=51029"},"modified":"2016-07-19T07:37:28","modified_gmt":"2016-07-19T10:37:28","slug":"unos-500-vecinos-ya-aportaron-ideas-jesus-maria-proyecta","status":"publish","type":"post","link":"http:\/\/argentinamunicipal.com.ar\/argentina\/unos-500-vecinos-ya-aportaron-ideas-jesus-maria-proyecta\/","title":{"rendered":"Unos 500 vecinos ya aportaron sus ideas para \u201cJes\u00fas Mar\u00eda Proyecta\u201d"},"content":{"rendered":"<p>Con menos del 25 por ciento hecho sobre los talleres programados, la participaci\u00f3n vecinal e institucional fue importante, aunque la expectativa es mayor todav\u00eda.<\/p>\n<p>Hace 75 d\u00edas, el municipio de esta ciudad contrat\u00f3 los servicios del reconocido arquitecto y urbanista colombiano Gustavo Restrepo y puso en marcha el programa \u201cJes\u00fas Mar\u00eda Proyecta\u201d con el que piensa elaborar una herramienta para gestionar la ciudad durante los pr\u00f3ximos 30 a\u00f1os. Dentro del marco de ese proyecto, van monitoreando sus avances.<\/p>\n<p>El primer dato de la etapa de diagn\u00f3stico que demandar\u00e1 10 meses y que prev\u00e9 la realizaci\u00f3n de 40 talleres es alentador ya que, en ocho encuentros, lograron que participen 450 vecinos. Esta semana Restrepo tom\u00f3 contacto con autoridades del Centro Comercial, los colegios profesionales de Arquitectos e Ingenieros de la regi\u00f3n, y tambi\u00e9n centros vecinales. Despu\u00e9s de julio, comenzar\u00e1 otra etapa que incluir\u00e1 a los centros educativos de todos los niveles.<\/p>\n<p>\u201cSeguimos en el proceso de encontrar un mayor n\u00famero de opiniones, pero el balance hasta ac\u00e1 es bueno. Queremos construirnos en un proceso lo m\u00e1s abierto, lo m\u00e1s transparente posible para que muestre cu\u00e1l es el sue\u00f1o de la comunidad\u201d, rese\u00f1\u00f3 Restrepo sobre esta primera etapa.<\/p>\n<p>Para el especialista, los vecinos necesitan ver obras en lo f\u00edsico, pero tambi\u00e9n econ\u00f3micas y sociales para que la ciudad realmente se transforme. Utilizando la metodolog\u00eda del sem\u00e1foro para clasificar desde problemas complejos hasta problemas resueltos, Restrepo se\u00f1al\u00f3 que el term\u00f3metro social ve al barrio Sierras y Parques como rojo, aunque discrep\u00f3 con esa mirada. \u201cA m\u00ed no me gusta plantearlo as\u00ed porque se estigmatiza a un sector. Estamos acostumbrados a se\u00f1alar territorios y no me parece que est\u00e9 bien. Porque cuando vamos all\u00e1 nos cuentan que tambi\u00e9n hay otros lugares con dificultades. Creo que hay m\u00e1s lugares verdes y m\u00e1s lugares amarillos antes que rojos. Hemos encontrado que hay m\u00e1s sue\u00f1os y oportunidades que catarsis\u201d, complet\u00f3 el profesional.<\/p>\n<p>Sobre el c\u00f3mo lograr mayor participaci\u00f3n ciudadana, Restrepo apunt\u00f3 que hay que hacer borr\u00f3n y cuenta nueva con las malas experiencias anteriores, buscar personas capaces de ejercer liderazgo en su sector, conseguir gente comprometida con su hacer, apuntarles a los n\u00facleos familiares, y confiar en el boca a boca para entusiasmar a la gente.<\/p>\n<h6>Fuente: La Voz del Interior<\/h6>\n","protected":false},"excerpt":{"rendered":"<p>Con menos del 25 por ciento hecho sobre los talleres programados, la participaci\u00f3n vecinal e institucional fue importante, aunque la expectativa es mayor todav\u00eda.<\/p>\n","protected":false},"author":2,"featured_media":51030,"comment_status":"closed","ping_status":"closed","sticky":false,"template":"","format":"standard","meta":{"footnotes":""},"categories":[2],"tags":[3],"class_list":["post-51029","post","type-post","status-publish","format-standard","has-post-thumbnail","hentry","category-informe-municipal","tag-cordoba"],"_links":{"self":[{"href":"http:\/\/argentinamunicipal.com.ar\/argentina\/wp-json\/wp\/v2\/posts\/51029","targetHints":{"allow":["GET"]}}],"collection":[{"href":"http:\/\/argentinamunicipal.com.ar\/argentina\/wp-json\/wp\/v2\/posts"}],"about":[{"href":"http:\/\/argentinamunicipal.com.ar\/argentina\/wp-json\/wp\/v2\/types\/post"}],"author":[{"embeddable":true,"href":"http:\/\/argentinamunicipal.com.ar\/argentina\/wp-json\/wp\/v2\/users\/2"}],"replies":[{"embeddable":true,"href":"http:\/\/argentinamunicipal.com.ar\/argentina\/wp-json\/wp\/v2\/comments?post=51029"}],"version-history":[{"count":0,"href":"http:\/\/argentinamunicipal.com.ar\/argentina\/wp-json\/wp\/v2\/posts\/51029\/revisions"}],"wp:featuredmedia":[{"embeddable":true,"href":"http:\/\/argentinamunicipal.com.ar\/argentina\/wp-json\/wp\/v2\/media\/51030"}],"wp:attachment":[{"href":"http:\/\/argentinamunicipal.com.ar\/argentina\/wp-json\/wp\/v2\/media?parent=51029"}],"wp:term":[{"taxonomy":"category","embeddable":true,"href":"http:\/\/argentinamunicipal.com.ar\/argentina\/wp-json\/wp\/v2\/categories?post=51029"},{"taxonomy":"post_tag","embeddable":true,"href":"http:\/\/argentinamunicipal.com.ar\/argentina\/wp-json\/wp\/v2\/tags?post=51029"}],"curies":[{"name":"wp","href":"https:\/\/api.w.org\/{rel}","templated":true}]}}