{"id":51032,"date":"2016-07-19T07:40:55","date_gmt":"2016-07-19T10:40:55","guid":{"rendered":"http:\/\/argentinamunicipal.com.ar\/argentina\/?p=51032"},"modified":"2016-07-19T07:40:55","modified_gmt":"2016-07-19T10:40:55","slug":"rosario-debaten-la-creacion-la-policia-municipal","status":"publish","type":"post","link":"http:\/\/argentinamunicipal.com.ar\/argentina\/rosario-debaten-la-creacion-la-policia-municipal\/","title":{"rendered":"Rosario: Debaten la creaci\u00f3n de la Polic\u00eda Municipal"},"content":{"rendered":"<p>Para Diego Giuliano \u00abno es necesario una reforma de la Constituci\u00f3n para avanzar en la conformaci\u00f3n de la polic\u00eda municipal\u00bb.<\/p>\n<p>As\u00ed se expres\u00f3 el concejal Diego Giuliano sobre las declaraciones del Ministro de Gobierno, Pablo Far\u00edas, respecto a la posibilidad de \u00a0incluir la creaci\u00f3n de polic\u00edas municipales en el anteproyecto de reforma de la Constituci\u00f3n Provincial.<\/p>\n<p>\u201cLa provincia est\u00e1 muy atrasada con cuestiones que son imprescindibles como es el de la Reforma Constitucional y el de la Autonom\u00eda Municipal. No darle autonom\u00eda a la ciudad de Rosario es un acuerdo pol\u00edtico impl\u00edcito por un temor totalmente injustificado de que la ciudad se despegue de la realidad provincial, cosa que no va a suceder\u201d, manifest\u00f3 el edil de Rosario Federal y agreg\u00f3:<\/p>\n<p>\u201cNo es necesario demorar la creaci\u00f3n de una Polic\u00eda Municipal porque a\u00fan la ciudad no tiene autonom\u00eda, ni es necesario una reforma Constitucional para crear una Polic\u00eda Municipal. En la Provincia de Buenos Aires se inici\u00f3 por Ley y luego se estableci\u00f3 por decreto. Estamos en Emergencia en Seguridad y est\u00e1 dentro de las competencias del Gobernador avanzar en la decisi\u00f3n de la polic\u00eda municipal.\u00bb<\/p>\n<p>Respecto de la Reforma Constitucional de la Provincia el edil expres\u00f3 que \u201chasta ahora siempre se han encontrado motivos para atrasarla y eso nos atrasa como Provincia. Ahora entramos en una especie de trauma que es el de la reelecci\u00f3n que viene demorando la Reforma Constitucional de la Provincia por una cuesti\u00f3n interna del propio socialismo &#8211; entre el Gobernador actual que no se pronuncia por el tema de la reelecci\u00f3n y el Gobernador que se fue que le ha puesto un freno a este tema-.\u00bb<\/p>\n<p>\u201cLa reelecci\u00f3n no deber\u00eda ser la tem\u00e1tica m\u00e1s importante de debate. Hay que discutir los temas de fondo como son la reforma judicial y de las instituciones pol\u00edticas, incluir \u00f3rganos que a\u00fan no est\u00e1n incorporados y actualizarla\u201d, concluy\u00f3 Giuliano.<\/p>\n<h6>Fuente: sin Mordaza<\/h6>\n","protected":false},"excerpt":{"rendered":"<p>Para Diego Giuliano \u00abno es necesario una reforma de la Constituci\u00f3n para avanzar en la conformaci\u00f3n de la polic\u00eda municipal\u00bb. <\/p>\n","protected":false},"author":2,"featured_media":51033,"comment_status":"closed","ping_status":"closed","sticky":false,"template":"","format":"standard","meta":{"footnotes":""},"categories":[4],"tags":[10],"class_list":["post-51032","post","type-post","status-publish","format-standard","has-post-thumbnail","hentry","category-informe-politico","tag-santa-fe"],"_links":{"self":[{"href":"http:\/\/argentinamunicipal.com.ar\/argentina\/wp-json\/wp\/v2\/posts\/51032","targetHints":{"allow":["GET"]}}],"collection":[{"href":"http:\/\/argentinamunicipal.com.ar\/argentina\/wp-json\/wp\/v2\/posts"}],"about":[{"href":"http:\/\/argentinamunicipal.com.ar\/argentina\/wp-json\/wp\/v2\/types\/post"}],"author":[{"embeddable":true,"href":"http:\/\/argentinamunicipal.com.ar\/argentina\/wp-json\/wp\/v2\/users\/2"}],"replies":[{"embeddable":true,"href":"http:\/\/argentinamunicipal.com.ar\/argentina\/wp-json\/wp\/v2\/comments?post=51032"}],"version-history":[{"count":0,"href":"http:\/\/argentinamunicipal.com.ar\/argentina\/wp-json\/wp\/v2\/posts\/51032\/revisions"}],"wp:featuredmedia":[{"embeddable":true,"href":"http:\/\/argentinamunicipal.com.ar\/argentina\/wp-json\/wp\/v2\/media\/51033"}],"wp:attachment":[{"href":"http:\/\/argentinamunicipal.com.ar\/argentina\/wp-json\/wp\/v2\/media?parent=51032"}],"wp:term":[{"taxonomy":"category","embeddable":true,"href":"http:\/\/argentinamunicipal.com.ar\/argentina\/wp-json\/wp\/v2\/categories?post=51032"},{"taxonomy":"post_tag","embeddable":true,"href":"http:\/\/argentinamunicipal.com.ar\/argentina\/wp-json\/wp\/v2\/tags?post=51032"}],"curies":[{"name":"wp","href":"https:\/\/api.w.org\/{rel}","templated":true}]}}