{"id":51057,"date":"2016-07-19T05:19:53","date_gmt":"2016-07-19T08:19:53","guid":{"rendered":"http:\/\/argentinamunicipal.com.ar\/argentina\/?p=51057"},"modified":"2016-07-19T08:22:46","modified_gmt":"2016-07-19T11:22:46","slug":"hernandarias-los-municipios-necesitan-la-coparticipacion-nacional-cumplir-compromisos","status":"publish","type":"post","link":"http:\/\/argentinamunicipal.com.ar\/argentina\/hernandarias-los-municipios-necesitan-la-coparticipacion-nacional-cumplir-compromisos\/","title":{"rendered":"Hernandarias: \u201cLos municipios necesitan de la coparticipaci\u00f3n nacional para cumplir con sus compromisos\u201d"},"content":{"rendered":"<p>As\u00ed lo asegur\u00f3 el intendente de Hernandarias, Carlos Lencina (Cambiemos) \u2022 A su vez, destac\u00f3 la gesti\u00f3n anterior del ex intendente Torres, ya que no recibieron deuda y eso \u201cfacilita mucho la gesti\u00f3n\u201d<\/p>\n<p>El presidente municipal coment\u00f3 que desde que asumieron la gesti\u00f3n realizan viajes a Buenos Aires para gestionar el env\u00edo de aportes a la comunidad. \u201cAhora conseguimos un desarrollo barrial importante (una obra de 47000000 de pesos) que para nuestro pueblo, lo que es importante porque abarca todo un desarrollo barrial en lugares que necesitan mucho de la intervenci\u00f3n del Estado, en cuanto a lo que es pavimentaci\u00f3n, cord\u00f3n cuneta, alumbrado y la incorporaci\u00f3n de servicios que quedaron excluidos de la zona urbanizada, producto de una falta de organizaci\u00f3n y proyecto\u201d, explic\u00f3.<\/p>\n<p>\u201cTambi\u00e9n hemos gestionado por el tema de las barrancas luego de los problemas que tuvimos por la creciente y estamos tratando de encontrar alguna alternativa para que eso no se siga deslizando\u201d.<\/p>\n<p>\u201cGracias a Dios el Municipio est\u00e1 ordenado y nosotros lo recibimos sin deuda, algo que facilita mucho la gesti\u00f3n. Por ah\u00ed faltaban algunos servicios y algunas inversiones en el pueblo, pero todo lo que era pago a proveedores y la cuesti\u00f3n administrativa estaba al d\u00eda, o sea que nosotros cumplimos con los compromisos asumidos por ellos\u201d, dijo Lencina.<\/p>\n<p>\u201cAhora- en este momento- estamos ansiosos por estos pr\u00e9stamos que le pueden llegar a los municipios y que nos van a permitir comprar alg\u00fan cami\u00f3n o una nueva herramienta\u201d, exclam\u00f3.<\/p>\n<p>Sobre la situaci\u00f3n pol\u00edtica que vive el pa\u00eds, expres\u00f3: \u201cEste es un momento complicado por la inflaci\u00f3n, el aumento de tarifas y diferentes cuestiones que hacen al bolsillo de la gente. Eso lo ponen en una situaci\u00f3n de escasa tolerancia y encima se muestra mucho por los medios un fogoneo constante de la problem\u00e1tica existente\u201d.<\/p>\n<p>\u201cEl gobierno anterior ha tenido mucha corrupci\u00f3n y no se trata de un partido pol\u00edtico, sino que se trata de personas. No hay meter en la misma bolsa a todo el peronismo. Creo que esta fiesta la vamos a tener que pagar y eso siempre cae en los m\u00e1s vulnerables. Tenemos que recapacitar y creo que el pueblo tambi\u00e9n es responsable de no controlar los actos de los pol\u00edticos y dejarse convencer con una d\u00e1diva, algo que siempre despu\u00e9s nos lleva a\u00f1os de trabajo para salir adelante\u201d, asever\u00f3.<\/p>\n<p>\u201cTenemos que dejar de so\u00f1ar que el gobernante es un Dios que nos va a levantar y a hacer caminar sin un esfuerzo y trabajo. Tenemos que participar. No alcanza con ir a votar y confiar en que alguien nos va a resolver todos los problemas. Tenemos que acompa\u00f1arlo y exigirle tambi\u00e9n\u201d.<\/p>\n<p>\u201cYo tengo mucha fe en Cambiemos porque hay muchos actores de distintos partidos y hay gente de experiencia que ha participado en el gobierno de la ciudad y en gobiernos provinciales. Si aprendemos a convivir en grupo, tambi\u00e9n vamos a aprender a no pensar que nosotros somos los verdaderos protagonistas, sino que todo el pueblo y el espacio es protagonista\u201d, dijo a Debate Abierto.<\/p>\n<p>\u2022 Gesti\u00f3n de Gobierno<\/p>\n<p>\u201cEn lo local dialogo mucho con la gente. Soy una persona conocida, tengo la piel dura en cuanto a comentarios porque he trabajado mucho en lo social. Por ejemplo, el \u00faltimo que sali\u00f3 a la luz fue lo relacionado con los intereses que se quitaron a dos empresas locales que emplean personal y que manten\u00edan una deuda ya con el gobierno anterior. Entonces nos criticaban a los concejales y a m\u00ed porque dec\u00edan que nosotros le perdon\u00e1bamos la deuda a los que m\u00e1s ten\u00edan. Se les condon\u00f3 la deuda y los intereses y se resolvi\u00f3 una situaci\u00f3n que ya ven\u00eda desde hace un tiempo atr\u00e1s, qued\u00f3 un importante terreno que hab\u00eda cedido al Municipio a cuenta de esta deuda y se logr\u00f3 acomodar una situaci\u00f3n problem\u00e1tica\u201d.<\/p>\n<p>\u201cA veces se nos condena porque se le perdona algo a un empresario. Mientras el empresario invierta, ofrezca trabajo y nos brinde la posibilidad de que nuestros j\u00f3venes y gente del pueblo tenga trabajo, hay que ayudarlo\u201d, sostuvo el intendente.<\/p>\n<p>\u201cNosotros hicimos una moratoria, le perdonamos los intereses a un mont\u00f3n de gente para que se ponga al d\u00eda con sus tasas con el Municipio y a aquella gente que no pod\u00eda pagar sus impuestos, le borramos la deuda con un informe social. As\u00ed que estamos con la gente que necesita y con el trabajo. Es lo que hab\u00edamos prometido en campa\u00f1a\u201d, remarc\u00f3.<\/p>\n<p>\u2022 Necesidades<\/p>\n<p>\u201cAc\u00e1 necesitamos la radicaci\u00f3n de empresas y trabajo para salir de los problemas que tenemos. Tenemos la tasa de higiene y profilaxis y lo que son los impuestos de renta municipal. Nosotros tenemos una masa salarial en la comuna de $2.300.000 y por mes recaudamos $260.000 en impuestos (tasas), es decir, un 10%. Estos municipios necesitan de la coparticipaci\u00f3n nacional si o si para cumplir con sus obligaciones. Tanto lo municipal como lo provincial, sirve, pero no nos resuelve las cosas. Lo grueso en el ingreso es la coparticipaci\u00f3n nacional\u201d.<\/p>\n<p>\u2022 Temporada de verano<\/p>\n<p>\u201cYa estamos tratando de reacomodar el da\u00f1o que nos hizo el agua con su creciente y pensando en la pr\u00f3xima temporada. Prefectura va a cambiar el destacamento que ten\u00eda, que nos cortaba el camping en dos pedazos, as\u00ed que ya hay unos cuantos proyectos para lo que ser\u00e1 la temporada veraniega 2016-2017\u201d, finaliz\u00f3 Lencina.<\/p>\n<h6>Fuente: Apf Digital<\/h6>\n","protected":false},"excerpt":{"rendered":"<p>As\u00ed lo asegur\u00f3 el intendente de Hernandarias, Carlos Lencina (Cambiemos) \u2022 A su vez, destac\u00f3 la gesti\u00f3n anterior del ex intendente Torres, ya que no recibieron deuda y eso \u201cfacilita mucho la gesti\u00f3n\u201d<\/p>\n","protected":false},"author":2,"featured_media":51058,"comment_status":"closed","ping_status":"closed","sticky":false,"template":"","format":"standard","meta":{"footnotes":""},"categories":[2],"tags":[17],"class_list":["post-51057","post","type-post","status-publish","format-standard","has-post-thumbnail","hentry","category-informe-municipal","tag-entre-rios"],"_links":{"self":[{"href":"http:\/\/argentinamunicipal.com.ar\/argentina\/wp-json\/wp\/v2\/posts\/51057","targetHints":{"allow":["GET"]}}],"collection":[{"href":"http:\/\/argentinamunicipal.com.ar\/argentina\/wp-json\/wp\/v2\/posts"}],"about":[{"href":"http:\/\/argentinamunicipal.com.ar\/argentina\/wp-json\/wp\/v2\/types\/post"}],"author":[{"embeddable":true,"href":"http:\/\/argentinamunicipal.com.ar\/argentina\/wp-json\/wp\/v2\/users\/2"}],"replies":[{"embeddable":true,"href":"http:\/\/argentinamunicipal.com.ar\/argentina\/wp-json\/wp\/v2\/comments?post=51057"}],"version-history":[{"count":0,"href":"http:\/\/argentinamunicipal.com.ar\/argentina\/wp-json\/wp\/v2\/posts\/51057\/revisions"}],"wp:featuredmedia":[{"embeddable":true,"href":"http:\/\/argentinamunicipal.com.ar\/argentina\/wp-json\/wp\/v2\/media\/51058"}],"wp:attachment":[{"href":"http:\/\/argentinamunicipal.com.ar\/argentina\/wp-json\/wp\/v2\/media?parent=51057"}],"wp:term":[{"taxonomy":"category","embeddable":true,"href":"http:\/\/argentinamunicipal.com.ar\/argentina\/wp-json\/wp\/v2\/categories?post=51057"},{"taxonomy":"post_tag","embeddable":true,"href":"http:\/\/argentinamunicipal.com.ar\/argentina\/wp-json\/wp\/v2\/tags?post=51057"}],"curies":[{"name":"wp","href":"https:\/\/api.w.org\/{rel}","templated":true}]}}