{"id":51110,"date":"2016-07-20T07:56:50","date_gmt":"2016-07-20T10:56:50","guid":{"rendered":"http:\/\/argentinamunicipal.com.ar\/argentina\/?p=51110"},"modified":"2016-07-20T07:56:50","modified_gmt":"2016-07-20T10:56:50","slug":"cien-ollas-populares-la-ayuda-social","status":"publish","type":"post","link":"http:\/\/argentinamunicipal.com.ar\/argentina\/cien-ollas-populares-la-ayuda-social\/","title":{"rendered":"Cien ollas populares por la ayuda social"},"content":{"rendered":"<p>Las organizaciones que integran la CTEP y Barrios de Pie instalaron ollas en cien puntos de la Ciudad para reclamarle al jefe de Gobierno, Horacio Rodr\u00edguez Larreta, que implemente los presupuestos sociales. La semana que viene ir\u00e1n a La Plata.<\/p>\n<p>Las organizaciones que integran la Confederaci\u00f3n de Trabajadores de la Econom\u00eda Popular (CTEP) y Barrios de Pie instalaron ollas populares en cien puntos de la ciudad de Buenos Aires, para reclamarle al jefe de Gobierno porte\u00f1o, Horacio Rodr\u00edguez Larreta, que implemente los presupuestos sociales. \u201cQueremos que den respuesta a las necesidades crecientes que hoy tienen miles de vecinos de los barrios del sur, donde los comedores populares est\u00e1n siendo desbordados\u201d, se\u00f1al\u00f3 Daniel Men\u00e9ndez, de Barrios de Pie. El dirigente advirti\u00f3, en este sentido, que en un escenario de mayor demanda generada por el ajuste, los despidos y la suba de los precios, la Ciudad contin\u00faa subejecutando las partidas destinadas a lo social.<\/p>\n<p>La protesta busc\u00f3 dar visibilidad a la dura situaci\u00f3n que est\u00e1n pasando los desocupados y trabajadores informales de la ciudad. \u201cLas familias que antes viv\u00edan de la Asignaci\u00f3n Universal por Hijo y de alg\u00fan programa de empleo lo complementaban con changas que ahora desaparecieron\u201d, apunt\u00f3 Men\u00e9ndez.<\/p>\n<p>Con las ollas populares, que fueron acompa\u00f1adas por piquetes, la imagen de la ciudad remiti\u00f3 a la crisis de 2001. La jornada comenz\u00f3 a las 7 de la ma\u00f1ana, en Callao y Corrientes, con un corte parcial del tr\u00e1nsito. Al mediod\u00eda los manifestantes armaron las ollas frente a organismos del Estado, a hoteles cinco estrellas como el Sheraton y en plazas o puntos de gran tr\u00e1nsito, como el Obelisco. Frente al Congreso repartieron alimentos a personas en situaci\u00f3n de calle.<\/p>\n<p>Otros lugares elegidos como emblem\u00e1ticos fueron la plaza Constituci\u00f3n, la sede del Ministerio de Educaci\u00f3n porte\u00f1o, la estaci\u00f3n ferroviaria de Retiro y las calles m\u00e1s tur\u00edsticas del barrio de Palermo.<\/p>\n<p>En las ollas, los manifestantes denunciaron no s\u00f3lo la situaci\u00f3n general de deterioro de las condiciones de vida de la poblaci\u00f3n m\u00e1s vulnerable, sino urgencias concretas frente a esta emergencia. Por ejemplo, plantearon que el presupuesto de Buenos Aires para los comedores se mantiene igual al a\u00f1o pasado, y que los planes sociales tuvieron aumentos nominales que quedaron superados ampliamente por la inflaci\u00f3n. Otros n\u00fameros de dominio p\u00fablico fueron recordados para completar el panorama: seg\u00fan los relevamientos del CEPA, en lo que va del a\u00f1o se acumulan 160 mil despidos. De los \u00faltimos datos del Indec se infiere que el consumo en los supermercados sigue en picada, con un ca\u00edda que en mayo fue del 13 por ciento.<\/p>\n<p>\u201cEl macrismo reniega de la herencia, pero ese 7 por ciento del producto bruto que el gobierno anterior nos dej\u00f3 destinado a pol\u00edticas sociales es lo que permite que la situaci\u00f3n no explote. Entendemos que ese es el gran colch\u00f3n que tenemos\u201d, plante\u00f3 desde la CTEP Gildo Onorato. \u201cEn la medida en que no se implementen polticas para frenar el deterioro social de los m\u00e1s vulnerables, que no se frene la inflaci\u00f3n y que no se reactive la econom\u00eda, lo que vemos es un escenario que nos conduce irremediablemente a una crisis.\u201d<\/p>\n<p>En este marco, el dirigente sostuvo que el Gobierno se demora en implementar puntos de la agenda social, como la tarifa diferenciada.<\/p>\n<p>Men\u00e9ndez se\u00f1al\u00f3 que el aumento de la pobreza \u201cgenera una mayor presi\u00f3n social a los que trabajamos vinculados con los sectores m\u00e1s humildes. Esto nos toca a todos: a la iglesia, a Margarita Barrientos y a las organizaciones que vemos que hace falta extender la red de contenci\u00f3n social. Por eso planteamos que se deben implementen pol\u00edticas que fortalezcan los programas de empleo que tiene el gobierno de la Ciudad, y que se atienda la situaci\u00f3n que se expresa en centenares de comedores del sur de la ciudad\u201d.<\/p>\n<p>La jornada de protesta ser\u00e1 continuada con m\u00e1s medidas: para la semana pr\u00f3xima, las mismas organizaciones analizan marchar a la gobernaci\u00f3n bonaerense, en La Plata, para llevar un reclamo del mismo orden a Mar\u00eda Eugenia Vidal. Y para el 7 de agosto, d\u00eda de San Cayetano, se prepara una movilizaci\u00f3n desde la iglesia ubicada en Liniers a la Plaza de Mayo.<\/p>\n<h6>Fuente: P\u00e1gina 12<\/h6>\n","protected":false},"excerpt":{"rendered":"<p>Las organizaciones que integran la CTEP y Barrios de Pie instalaron ollas en cien puntos de la Ciudad para reclamarle al jefe de Gobierno, Horacio Rodr\u00edguez Larreta, que implemente los presupuestos sociales.<\/p>\n","protected":false},"author":2,"featured_media":51111,"comment_status":"closed","ping_status":"closed","sticky":false,"template":"","format":"standard","meta":{"footnotes":""},"categories":[2],"tags":[12],"class_list":["post-51110","post","type-post","status-publish","format-standard","has-post-thumbnail","hentry","category-informe-municipal","tag-buenos-aires"],"_links":{"self":[{"href":"http:\/\/argentinamunicipal.com.ar\/argentina\/wp-json\/wp\/v2\/posts\/51110","targetHints":{"allow":["GET"]}}],"collection":[{"href":"http:\/\/argentinamunicipal.com.ar\/argentina\/wp-json\/wp\/v2\/posts"}],"about":[{"href":"http:\/\/argentinamunicipal.com.ar\/argentina\/wp-json\/wp\/v2\/types\/post"}],"author":[{"embeddable":true,"href":"http:\/\/argentinamunicipal.com.ar\/argentina\/wp-json\/wp\/v2\/users\/2"}],"replies":[{"embeddable":true,"href":"http:\/\/argentinamunicipal.com.ar\/argentina\/wp-json\/wp\/v2\/comments?post=51110"}],"version-history":[{"count":0,"href":"http:\/\/argentinamunicipal.com.ar\/argentina\/wp-json\/wp\/v2\/posts\/51110\/revisions"}],"wp:featuredmedia":[{"embeddable":true,"href":"http:\/\/argentinamunicipal.com.ar\/argentina\/wp-json\/wp\/v2\/media\/51111"}],"wp:attachment":[{"href":"http:\/\/argentinamunicipal.com.ar\/argentina\/wp-json\/wp\/v2\/media?parent=51110"}],"wp:term":[{"taxonomy":"category","embeddable":true,"href":"http:\/\/argentinamunicipal.com.ar\/argentina\/wp-json\/wp\/v2\/categories?post=51110"},{"taxonomy":"post_tag","embeddable":true,"href":"http:\/\/argentinamunicipal.com.ar\/argentina\/wp-json\/wp\/v2\/tags?post=51110"}],"curies":[{"name":"wp","href":"https:\/\/api.w.org\/{rel}","templated":true}]}}