{"id":51119,"date":"2016-07-20T08:15:15","date_gmt":"2016-07-20T11:15:15","guid":{"rendered":"http:\/\/argentinamunicipal.com.ar\/argentina\/?p=51119"},"modified":"2016-07-20T08:15:15","modified_gmt":"2016-07-20T11:15:15","slug":"macri-lifschitz-gobernador-menos-vocacion-trabajo-equipo","status":"publish","type":"post","link":"http:\/\/argentinamunicipal.com.ar\/argentina\/macri-lifschitz-gobernador-menos-vocacion-trabajo-equipo\/","title":{"rendered":"Macri: \u00abLifschitz es el gobernador con menos vocaci\u00f3n de trabajo en equipo\u00bb"},"content":{"rendered":"<p>Mordaz, el l\u00edder de Cambiemos tambi\u00e9n diferenci\u00f3 la disposici\u00f3n del titular de la Casa Gris con la de Fein en Rosario.<\/p>\n<p>El presidente Mauricio Macri sali\u00f3 a marcar ayer las diferencias entre el PRO y el socialismo al asegurar que Miguel Lifschitz \u00abes el gobernador que tiene menos vocaci\u00f3n para coordinar y trabajar en equipo\u00bb. Incluso, el jefe del Estado fue m\u00e1s all\u00e1 en su arremetida al enfatizar que con la intendenta de Rosario,M\u00f3nica Fein, del mismo signo pol\u00edtico que el mandatario santafesino, \u00abse puede trabajar mejor\u00bb.<\/p>\n<p>En un pronunciamiento que tambi\u00e9n dej\u00f3 en medio de una puja pol\u00edtica al radicalismo, fuerza integrante de Cambiemos a nivel nacional y aliada al socialismo en la provincia, el presidente asegur\u00f3: \u00abTrabajamos bien con todos los gobiernos de la Argentina. Es impresionante, casi todos los mandatarios tienen una agenda de trabajo con la Casa Rosada\u00bb.<\/p>\n<p>Sin embargo, Macri advirti\u00f3 que \u00abla verdad es que Santa Fe es la provincia que ha tenido menos vocaci\u00f3n de coordinar esas pol\u00edticas\u00bb. Y a\u00f1adi\u00f3: \u00abSiento que, en vez de trabajar en equipo, ellos (por los socialistas) quieren no asumir responsabilidades y echarle la culpa al gobierno nacional\u00bb.<\/p>\n<p>\u00abMe parece que es algo que ven\u00edan haciendo desde hace muchos a\u00f1os y ahora es una inercia que llevan\u00bb, asever\u00f3 el jefe del Estado, en una entrevista concedida a Canal 3, en alusi\u00f3n a los cortocircuitos registrados en su momento entre las administraciones del Frente Progresista C\u00edvico y Social (FPCyS) y los gobiernos kirchneristas.<\/p>\n<p>La reacci\u00f3n entre las filas del socialismo no se hizo esperar e incluy\u00f3 reproches por la ausencia de \u00abfederalismo\u00bb de parte de la Naci\u00f3n y demandas de pago de la hist\u00f3rica deuda por coparticipaci\u00f3n (ver aparte).<\/p>\n<p>Cortocircuitos. En los \u00faltimos meses, Lifschitz no ocult\u00f3 las diferencias que mantiene con la Casa Rosa, en especial frente a los tarifazos y ciertas pol\u00edticas sociales implementadas por la administraci\u00f3n de Cambiemos.<\/p>\n<p>Habiendo tomado nota al respecto, Macri le contrapuso al gobernador la relaci\u00f3n que viene manteniendo con la Municipalidad de Rosario, sustentada por la reciente inauguraci\u00f3n del Metrobus Norte (con fondos nacionales).<\/p>\n<p>\u00abCon Fein se puede trabajar mejor\u00bb, retruc\u00f3 Macri acerca de la relaci\u00f3n que mantiene con el Palacio de los Leones. Un v\u00ednculo que tambi\u00e9n acaba de redundar en aportes nacionales para poder materializar el ansiado plan de cloacas para la ciudad.<\/p>\n<p>A su vez, Macri aprovech\u00f3 para reivindicar las pol\u00edticas implementadas por su gesti\u00f3n en los \u00faltimos siete meses al aseverar: \u00abM\u00e1s all\u00e1 de las ansiedades, estamos en buen camino. Pero esto es un proceso, no un cambio de un d\u00eda para el otro\u00bb.<\/p>\n<p>\u00abLa mayor\u00eda de los argentinos entendimos que el futuro est\u00e1 en nuestras manos y lo vamos a construir juntos. No hay un l\u00edder mesi\u00e1nico, un iluminado. Esto no cambia si no hay compromiso extendido de todos\u00bb, enfatiz\u00f3 el primer mandatario.<\/p>\n<p>De inmediato, asever\u00f3 que la inflaci\u00f3n \u00abseguir\u00e1 bajando\u00bb, al tiempo que resalt\u00f3 que la inversi\u00f3n \u00abest\u00e1 comenzando a llegar\u00bb a la Argentina.<\/p>\n<p>Respecto de los cacerolazos del jueves pasado en rechazo a la suba de las tarifas de gas y luz, advirti\u00f3 que \u00abhay un grupo de personas que cree que ese no es el camino y otro al que el aumento les hace la vida mucho m\u00e1s dif\u00edcil\u00bb.<\/p>\n<p>\u00abSi hubiera tenido una soluci\u00f3n alternativa al sinceramiento del valor de los servicios p\u00fablicos, la hubiese tomado\u00bb, admiti\u00f3 el presidente.<\/p>\n<p>En sinton\u00eda, se quej\u00f3 de que los hogares \u00abm\u00e1s pudientes gasten 20 veces m\u00e1s que los humildes\u00bb y dijo que eso es \u00abproducto de tarifas regaladas\u00bb.<\/p>\n<h6>Fuente: La capital Rosario<\/h6>\n","protected":false},"excerpt":{"rendered":"<p>Mordaz, el l\u00edder de Cambiemos tambi\u00e9n diferenci\u00f3 la disposici\u00f3n del titular de la Casa Gris con la de Fein en Rosario.<\/p>\n","protected":false},"author":2,"featured_media":51120,"comment_status":"closed","ping_status":"closed","sticky":false,"template":"","format":"standard","meta":{"footnotes":""},"categories":[65],"tags":[10],"class_list":["post-51119","post","type-post","status-publish","format-standard","has-post-thumbnail","hentry","category-provincias","tag-santa-fe"],"_links":{"self":[{"href":"http:\/\/argentinamunicipal.com.ar\/argentina\/wp-json\/wp\/v2\/posts\/51119","targetHints":{"allow":["GET"]}}],"collection":[{"href":"http:\/\/argentinamunicipal.com.ar\/argentina\/wp-json\/wp\/v2\/posts"}],"about":[{"href":"http:\/\/argentinamunicipal.com.ar\/argentina\/wp-json\/wp\/v2\/types\/post"}],"author":[{"embeddable":true,"href":"http:\/\/argentinamunicipal.com.ar\/argentina\/wp-json\/wp\/v2\/users\/2"}],"replies":[{"embeddable":true,"href":"http:\/\/argentinamunicipal.com.ar\/argentina\/wp-json\/wp\/v2\/comments?post=51119"}],"version-history":[{"count":0,"href":"http:\/\/argentinamunicipal.com.ar\/argentina\/wp-json\/wp\/v2\/posts\/51119\/revisions"}],"wp:featuredmedia":[{"embeddable":true,"href":"http:\/\/argentinamunicipal.com.ar\/argentina\/wp-json\/wp\/v2\/media\/51120"}],"wp:attachment":[{"href":"http:\/\/argentinamunicipal.com.ar\/argentina\/wp-json\/wp\/v2\/media?parent=51119"}],"wp:term":[{"taxonomy":"category","embeddable":true,"href":"http:\/\/argentinamunicipal.com.ar\/argentina\/wp-json\/wp\/v2\/categories?post=51119"},{"taxonomy":"post_tag","embeddable":true,"href":"http:\/\/argentinamunicipal.com.ar\/argentina\/wp-json\/wp\/v2\/tags?post=51119"}],"curies":[{"name":"wp","href":"https:\/\/api.w.org\/{rel}","templated":true}]}}