{"id":51134,"date":"2016-07-20T05:34:27","date_gmt":"2016-07-20T08:34:27","guid":{"rendered":"http:\/\/argentinamunicipal.com.ar\/argentina\/?p=51134"},"modified":"2016-07-20T08:36:16","modified_gmt":"2016-07-20T11:36:16","slug":"se-sortearon-350-viviendas-concepcion-del-uruguay","status":"publish","type":"post","link":"http:\/\/argentinamunicipal.com.ar\/argentina\/se-sortearon-350-viviendas-concepcion-del-uruguay\/","title":{"rendered":"Se sortearon 350 viviendas para Concepci\u00f3n del Uruguay"},"content":{"rendered":"<p>\u00abEsto viene a solucionar la demanda habitacional de 350 familias que podr\u00e1n concretar un sue\u00f1o de vida como es el llegar a un techo propio\u00bb, dijo el intendente Lauritto.<\/p>\n<p>El gobierno provincial realiz\u00f3 este martes el sorteo de las unidades habitacionales destinadas a la demanda libre que el Instituto Aut\u00e1rquico de Planeamiento y Vivienda (IAPV) ejecuta en Concepci\u00f3n del Uruguay. Las mismas cuentan con financiamiento del programa federal Techo Digno y beneficiar\u00e1n a 350 familias.<\/p>\n<p>El acto que se desarroll\u00f3 en la sede del Instituto de Ayuda Financiera a la Acci\u00f3n Social (Iafas) de Paran\u00e1, fue encabezado por el presidente del IAPV, Alfredo Francolini, el titular del Ente Regulador de Juegos de Azar en Entre R\u00edos, Jos\u00e9 Spinelli y el intendente de Concepci\u00f3n del Uruguay, Jos\u00e9 Lauritto.<\/p>\n<p>En ese marco, Francolini destac\u00f3 \u00abla importancia de este tipo de actos. Porque la vivienda es el n\u00facleo en el que una familia se desarrolla, el lugar donde puede estar segura y feliz. Adem\u00e1s ayuda a lograr el arraigo de la gente que ha decidido vivir, formar su familia y llevar su proyecto de vida en su lugar de origen\u00bb.<\/p>\n<p>\u00abEstas viviendas se generaron a trav\u00e9s del trabajo mancomunado que lleva adelante el gobierno de Gustavo Bordet con los municipios y la Secretar\u00eda de Vivienda de la Naci\u00f3n, donde el acceso a una vivienda viene a brindar mayor dignidad a las familias entrerrianas\u00bb, expres\u00f3 el directivo, quien se\u00f1al\u00f3 que \u00aben octubre se comenzar\u00e1n a entregar la primera tanda de unidades habitacionales, otras se otorgar\u00e1n en diciembre y las restantes entre febrero y marzo del 2017\u00bb.<\/p>\n<p>Francolini manifest\u00f3 que \u00abtenemos en ejecuci\u00f3n m\u00e1s de 4000 soluciones habitacionales a lo largo y ancho de la geograf\u00eda provincial, siendo la casa la m\u00e1xima protecci\u00f3n que una persona tiene para s\u00ed y para el futuro de sus hijos\u00bb.<\/p>\n<p>Por su parte, el intendente Lauritto asegur\u00f3 que \u00abpara Concepci\u00f3n del Uruguay es un d\u00eda muy importante. Cuando uno conforma un proyecto de vida siempre un hogar tiene que ver con ello. Esto viene a solucionar la demanda habitacional de 350 familias que podr\u00e1n concretar un sue\u00f1o de vida como es el llegar a un techo propio\u00bb, y se mostr\u00f3 esperanzado en seguir \u00abtrabajando en nuevas soluciones habitacionales para los vecinos que a\u00fan no poseen un hogar digno para sus hijos y puedan afianzarse definitivamente en su lugar de trabajo\u00bb, afirm\u00f3 el jefe comunal.<\/p>\n<p>Lauritto resalt\u00f3 \u00abel apoyo y el acompa\u00f1amiento del gobernador Gustavo Bordet con las ejecuci\u00f3n de estas obras que permiten una mayor inclusi\u00f3n y mejores condiciones de vida para todos los entrerrianos.\u00bb<\/p>\n<p>Finalmente, el Presidente del Iafas Jos\u00e9 Spinelli expres\u00f3 que \u00abdesde el organismo trabajamos para brindar la mayor seguridad al sorteo de las unidades habitacionales que el gobierno a trav\u00e9s del IAPV tiene en ejecuci\u00f3n en Concepci\u00f3n del Uruguay\u00bb, valorando la \u00abalegr\u00eda que significa estas soluciones habitacionales para un n\u00famero importante de vecinos de esa localidad\u00bb.<\/p>\n<p>El acto cont\u00f3 adem\u00e1s con la presencia del vocal del IAPV, Horacio Flores, el gerente Comercial de la repartici\u00f3n, Juli\u00e1n Fern\u00e1ndez Burzaco, el gerente de la regional Centro-Este, Roberto Souchetti, el escribano, Alberto Sartori Ratto, y el gerente general del Iafas, Silvio Vivas, entre otras autoridades.<\/p>\n<h6>Fuente: El Once<\/h6>\n","protected":false},"excerpt":{"rendered":"<p>\u00abEsto viene a solucionar la demanda habitacional de 350 familias que podr\u00e1n concretar un sue\u00f1o de vida como es el llegar a un techo propio\u00bb, dijo el intendente Lauritto.<\/p>\n","protected":false},"author":2,"featured_media":51135,"comment_status":"closed","ping_status":"closed","sticky":false,"template":"","format":"standard","meta":{"footnotes":""},"categories":[2],"tags":[17],"class_list":["post-51134","post","type-post","status-publish","format-standard","has-post-thumbnail","hentry","category-informe-municipal","tag-entre-rios"],"_links":{"self":[{"href":"http:\/\/argentinamunicipal.com.ar\/argentina\/wp-json\/wp\/v2\/posts\/51134","targetHints":{"allow":["GET"]}}],"collection":[{"href":"http:\/\/argentinamunicipal.com.ar\/argentina\/wp-json\/wp\/v2\/posts"}],"about":[{"href":"http:\/\/argentinamunicipal.com.ar\/argentina\/wp-json\/wp\/v2\/types\/post"}],"author":[{"embeddable":true,"href":"http:\/\/argentinamunicipal.com.ar\/argentina\/wp-json\/wp\/v2\/users\/2"}],"replies":[{"embeddable":true,"href":"http:\/\/argentinamunicipal.com.ar\/argentina\/wp-json\/wp\/v2\/comments?post=51134"}],"version-history":[{"count":0,"href":"http:\/\/argentinamunicipal.com.ar\/argentina\/wp-json\/wp\/v2\/posts\/51134\/revisions"}],"wp:featuredmedia":[{"embeddable":true,"href":"http:\/\/argentinamunicipal.com.ar\/argentina\/wp-json\/wp\/v2\/media\/51135"}],"wp:attachment":[{"href":"http:\/\/argentinamunicipal.com.ar\/argentina\/wp-json\/wp\/v2\/media?parent=51134"}],"wp:term":[{"taxonomy":"category","embeddable":true,"href":"http:\/\/argentinamunicipal.com.ar\/argentina\/wp-json\/wp\/v2\/categories?post=51134"},{"taxonomy":"post_tag","embeddable":true,"href":"http:\/\/argentinamunicipal.com.ar\/argentina\/wp-json\/wp\/v2\/tags?post=51134"}],"curies":[{"name":"wp","href":"https:\/\/api.w.org\/{rel}","templated":true}]}}