{"id":51141,"date":"2016-07-21T07:22:34","date_gmt":"2016-07-21T10:22:34","guid":{"rendered":"http:\/\/argentinamunicipal.com.ar\/argentina\/?p=51141"},"modified":"2016-07-21T07:22:34","modified_gmt":"2016-07-21T10:22:34","slug":"municipio-bahia-le-apuesta-la-policia-local-combatir-la-violencia-genero","status":"publish","type":"post","link":"http:\/\/argentinamunicipal.com.ar\/argentina\/municipio-bahia-le-apuesta-la-policia-local-combatir-la-violencia-genero\/","title":{"rendered":"El Municipio de Bah\u00eda le apuesta a la Polic\u00eda Local para combatir la violencia de g\u00e9nero"},"content":{"rendered":"<p>\u00abEs un problema grave\u00bb, se\u00f1al\u00f3 el secretario de Seguridad.<\/p>\n<p>El secretario de Seguridad de Bah\u00eda Emiliano \u00c1lvarez Porte se\u00f1al\u00f3 esta ma\u00f1ana que el Municipio quiere que la Polic\u00eda Local trabaje para prevenir la violencia de g\u00e9nero.<\/p>\n<p>\u00abEs un problema grave que necesita de una capacitaci\u00f3n especial\u00bb, explic\u00f3 el funcionario que agreg\u00f3 que ya tienen seleccionados los efectivos para la tarea<\/p>\n<p>\u00abHay que dar una respuesta y la que se est\u00e1 dando tal vez no sea la mejor\u00bb, dijo.<\/p>\n<p><strong>Inseguridad<\/strong><\/p>\n<p>Sobre la fuerza, \u00c1lvarez Porte apunt\u00f3 a que sirva como herramienta de prevenci\u00f3n contra la inseguridad en los espacios p\u00fablicos, pero que todav\u00eda no tienen la cantidad de polic\u00edas necesarios.<\/p>\n<p>Adem\u00e1s se mostr\u00f3 contento porque las estad\u00edsticas de \u00abefectividad\u00bb de la fuerza se triplicaron y anticip\u00f3 que volver\u00e1n a usar las bicicletas para trasladarse en los espacios p\u00fablicos.<\/p>\n<p><strong>Droga<\/strong><\/p>\n<p>\u00c1lvarez Porte explic\u00f3 que la falta de jueces federales perjudica la lucha contra el narcotr\u00e1fico.<\/p>\n<p>Sin embargo, dijo que los vecinos pueden compartir con la secretar\u00eda informaci\u00f3n al n\u00famero de WhatsApp (0291) 154368709. (LU2)<\/p>\n<h6>Fuente: La Nueva<\/h6>\n","protected":false},"excerpt":{"rendered":"<p>\u00abEs un problema grave\u00bb, se\u00f1al\u00f3 el secretario de Seguridad.<\/p>\n","protected":false},"author":2,"featured_media":51142,"comment_status":"closed","ping_status":"closed","sticky":false,"template":"","format":"standard","meta":{"footnotes":""},"categories":[2],"tags":[12],"class_list":["post-51141","post","type-post","status-publish","format-standard","has-post-thumbnail","hentry","category-informe-municipal","tag-buenos-aires"],"_links":{"self":[{"href":"http:\/\/argentinamunicipal.com.ar\/argentina\/wp-json\/wp\/v2\/posts\/51141","targetHints":{"allow":["GET"]}}],"collection":[{"href":"http:\/\/argentinamunicipal.com.ar\/argentina\/wp-json\/wp\/v2\/posts"}],"about":[{"href":"http:\/\/argentinamunicipal.com.ar\/argentina\/wp-json\/wp\/v2\/types\/post"}],"author":[{"embeddable":true,"href":"http:\/\/argentinamunicipal.com.ar\/argentina\/wp-json\/wp\/v2\/users\/2"}],"replies":[{"embeddable":true,"href":"http:\/\/argentinamunicipal.com.ar\/argentina\/wp-json\/wp\/v2\/comments?post=51141"}],"version-history":[{"count":0,"href":"http:\/\/argentinamunicipal.com.ar\/argentina\/wp-json\/wp\/v2\/posts\/51141\/revisions"}],"wp:featuredmedia":[{"embeddable":true,"href":"http:\/\/argentinamunicipal.com.ar\/argentina\/wp-json\/wp\/v2\/media\/51142"}],"wp:attachment":[{"href":"http:\/\/argentinamunicipal.com.ar\/argentina\/wp-json\/wp\/v2\/media?parent=51141"}],"wp:term":[{"taxonomy":"category","embeddable":true,"href":"http:\/\/argentinamunicipal.com.ar\/argentina\/wp-json\/wp\/v2\/categories?post=51141"},{"taxonomy":"post_tag","embeddable":true,"href":"http:\/\/argentinamunicipal.com.ar\/argentina\/wp-json\/wp\/v2\/tags?post=51141"}],"curies":[{"name":"wp","href":"https:\/\/api.w.org\/{rel}","templated":true}]}}