{"id":51144,"date":"2016-07-21T07:25:32","date_gmt":"2016-07-21T10:25:32","guid":{"rendered":"http:\/\/argentinamunicipal.com.ar\/argentina\/?p=51144"},"modified":"2016-07-21T07:25:32","modified_gmt":"2016-07-21T10:25:32","slug":"intendente-lujan-no-quiere-hospital-municipal-atienda-pacientes-otros-distritos","status":"publish","type":"post","link":"http:\/\/argentinamunicipal.com.ar\/argentina\/intendente-lujan-no-quiere-hospital-municipal-atienda-pacientes-otros-distritos\/","title":{"rendered":"El intendente de Luj\u00e1n no quiere que el hospital municipal atienda pacientes de otros distritos"},"content":{"rendered":"<p>El Hospital Municipal de Luj\u00e1n dejar\u00e1 de atender a pacientes que no residan en la ciudad. El controvertido argumento gira en torno a que el centro de salud tiene un \u00abaumento en la demanda de turnos\u00bb que se dan en el marco de una \u00abemergencia sanitaria\u00bb. Apuntan a su car\u00e1cter \u00abilegal\u00bb.<\/p>\n<p>\u201cEn virtud del aumento en la demanda de turnos de consultorios externos, cirug\u00edas, internaciones y solicitud de estudios por pacientes pertenecientes a otros partidos, que suman un incremento significativo en la utilizaci\u00f3n de insumos y recursos humanos, transitoriamente y hasta nuevo aviso, se suspender\u00e1n los turnos y la realizaci\u00f3n de estudios para aquellos pacientes que no residan en el partido de Luj\u00e1n\u201d, aseguran en una nota exhibida en la mesa de entrada del hospital, firmada por su director asociado Guillermo Barrag\u00e1n.<\/p>\n<p>De esta forma, y seg\u00fan consign\u00f3 el portal El Civismo, el nosocomio local que se encuentra en el distrito que dirige el intendente Oscar Luciani dejar\u00e1 de atender a pacientes que no residan en Luj\u00e1n, en tanto priorizar\u00e1 la atenci\u00f3n en la Guardia seg\u00fan el tipo de urgencia.<\/p>\n<p>Si bien al cierre de la nota se aclara que la disposici\u00f3n except\u00faa \u201ctodo requerimiento que ingrese por la Guardia\u201d, una segunda nota se\u00f1ala que, \u201cdebido a la emergencia sanitaria y a la gran demanda de consultas por guardia, se priorizar\u00e1n urgencias relacionadas a dificultades respiratorias, traumatismos, heridas, fiebre en pacientes menores a tres meses o convulsiones\u201d.<\/p>\n<p>En di\u00e1logo con el programa radial \u201cLadran Sancho\u201d, el presidente de la Comisi\u00f3n de Salud del Concejo Deliberante, Marcelo Musso sostuvo que \u00abno se puede privar a los vecinos de un derecho como la salud\u201d.<br \/>\n\u201cEstamos en emergencia sanitaria, por lo que el intendente (Oscar Luciani) tiene que pedir a Provincia la ayuda necesaria porque no estamos bien y con la salud no se juega\u201d, complet\u00f3 Musso.<\/p>\n<p>Numerosos especialistas aseguran que una decisi\u00f3n de este tipo atenta contra el derecho a la salud de las personas, tal como lo marga la reforma constitucional de 1994, a trav\u00e9s de la incorporaci\u00f3n con jerarqu\u00eda constitucional de once declaraciones y tratados internacionales de derechos humanos, entre ellos, la Declaraci\u00f3n Universal de los Derechos Humanos (1948), Declaraci\u00f3n Americana de Derechos y Deberes del Hombre (1948), Pacto Internacional de Derechos Econ\u00f3micos, Sociales y Culturales (PIDESC, 1966), Convenci\u00f3n Americana sobre Derechos Humanos (1969).<\/p>\n<h6>Fuente: InfoCielo<\/h6>\n","protected":false},"excerpt":{"rendered":"<p>El Hospital Municipal de Luj\u00e1n dejar\u00e1 de atender a pacientes que no residan en la ciudad. El controvertido argumento gira en torno a que el centro de salud tiene un \u00abaumento en la demanda de turnos\u00bb <\/p>\n","protected":false},"author":2,"featured_media":51145,"comment_status":"closed","ping_status":"closed","sticky":false,"template":"","format":"standard","meta":{"footnotes":""},"categories":[2],"tags":[12],"class_list":["post-51144","post","type-post","status-publish","format-standard","has-post-thumbnail","hentry","category-informe-municipal","tag-buenos-aires"],"_links":{"self":[{"href":"http:\/\/argentinamunicipal.com.ar\/argentina\/wp-json\/wp\/v2\/posts\/51144","targetHints":{"allow":["GET"]}}],"collection":[{"href":"http:\/\/argentinamunicipal.com.ar\/argentina\/wp-json\/wp\/v2\/posts"}],"about":[{"href":"http:\/\/argentinamunicipal.com.ar\/argentina\/wp-json\/wp\/v2\/types\/post"}],"author":[{"embeddable":true,"href":"http:\/\/argentinamunicipal.com.ar\/argentina\/wp-json\/wp\/v2\/users\/2"}],"replies":[{"embeddable":true,"href":"http:\/\/argentinamunicipal.com.ar\/argentina\/wp-json\/wp\/v2\/comments?post=51144"}],"version-history":[{"count":0,"href":"http:\/\/argentinamunicipal.com.ar\/argentina\/wp-json\/wp\/v2\/posts\/51144\/revisions"}],"wp:featuredmedia":[{"embeddable":true,"href":"http:\/\/argentinamunicipal.com.ar\/argentina\/wp-json\/wp\/v2\/media\/51145"}],"wp:attachment":[{"href":"http:\/\/argentinamunicipal.com.ar\/argentina\/wp-json\/wp\/v2\/media?parent=51144"}],"wp:term":[{"taxonomy":"category","embeddable":true,"href":"http:\/\/argentinamunicipal.com.ar\/argentina\/wp-json\/wp\/v2\/categories?post=51144"},{"taxonomy":"post_tag","embeddable":true,"href":"http:\/\/argentinamunicipal.com.ar\/argentina\/wp-json\/wp\/v2\/tags?post=51144"}],"curies":[{"name":"wp","href":"https:\/\/api.w.org\/{rel}","templated":true}]}}