{"id":51150,"date":"2016-07-21T07:20:17","date_gmt":"2016-07-21T10:20:17","guid":{"rendered":"http:\/\/argentinamunicipal.com.ar\/argentina\/?p=51150"},"modified":"2016-07-21T07:34:23","modified_gmt":"2016-07-21T10:34:23","slug":"canals-la-provincia-aportara-15-millones-construir-dos-canales-evacuadores","status":"publish","type":"post","link":"http:\/\/argentinamunicipal.com.ar\/argentina\/canals-la-provincia-aportara-15-millones-construir-dos-canales-evacuadores\/","title":{"rendered":"Canals: la Provincia aportar\u00e1 $ 15 millones para construir dos canales evacuadores"},"content":{"rendered":"<p>Finalmente se concretar\u00e1 esta obra que hace tiempo se viene reclamando para descomprimir las grandes lagunas que rodean a la ciudad. Vialidad e Hidr\u00e1ulica ser\u00e1n las encargadas de dirigir los trabajos<\/p>\n<p>Con una inversi\u00f3n de $ 15 millones prometida por la Provincia, esta localidad espera salir de la crisis h\u00eddrica que hace meses soporta por las grandes lagunas que se formaron alrededor del pueblo y amenazan con seguir inundando barrios.<\/p>\n<p>La situaci\u00f3n en esta poblaci\u00f3n es cr\u00edtica, y tras varios reclamos finalmente se logr\u00f3 que el gobierno cordob\u00e9s anuncie la ejecuci\u00f3n de dos canales, ubicados al este y oeste de la ruta provincial N\u00ba 3, para evacuar los excesos h\u00eddricos que bajan de la zona de Viamonte y mantienen en vilo a toda la poblaci\u00f3n.<\/p>\n<p>El intendente municipal, Carlos Peiretti, en di\u00e1logo con PUNTAL, confirm\u00f3 la noticia y comunic\u00f3 que ma\u00f1ana el gobernador Juan Schiaretti visitar\u00e1 la localidad para realizar este anuncio y, adem\u00e1s, proceder a la inauguraci\u00f3n del gasoducto troncal ruta 8 que proveer\u00e1 de este servicio a Canals (ver aparte).<\/p>\n<p>\u201cNuestra zona est\u00e1 en emergencia, declarada por la Provincia. Este jueves estar\u00e1 el gobernador junto a Osvaldo Vottero (Vialidad provincial) y representantes de Hidr\u00e1ulica, quienes anunciar\u00e1n esta inversi\u00f3n de $ 15 millones para la ejecuci\u00f3n de dos canales evacuadores\u201d, precis\u00f3 el intendente.<br \/>\nEsta obra nacer\u00e1 desde el r\u00edo Saladillo hasta Canals.<\/p>\n<p>Por estos d\u00edas se dio inicio a trabajos de colocaci\u00f3n de tubos a la altura de la curva Morea, que permitir\u00e1 agilizar la evacuaci\u00f3n de los excesos h\u00eddricos, mientras que la semana que viene, con retroexcavadoras, se comenzar\u00e1 con los canales. Las obras previstas no s\u00f3lo aliviar\u00e1n la situaci\u00f3n de Canals sino tambi\u00e9n de Colonia Bremen y otras poblaciones del sureste que est\u00e1n desde hace m\u00e1s de 6 meses conviviendo con la inundaci\u00f3n, una de las m\u00e1s graves de los \u00faltimos a\u00f1os.<\/p>\n<p>El intendente Peiretti dijo que la obra estar\u00e1 a cargo de Vialidad provincial, organismo que tambi\u00e9n ser\u00e1 quien administrar\u00e1 los recursos dispuestos por el gobierno. Mientras que la conducci\u00f3n t\u00e9cnica se har\u00e1 con personal de Hidr\u00e1ulica.<\/p>\n<p>Consultado sobre la situaci\u00f3n de Canals, precis\u00f3 que es muy cr\u00edtica y que empeora d\u00eda a d\u00eda por la llegada de agua que baja de distintos sectores.\u00a0 Indic\u00f3 que el casco urbano est\u00e1 comprometido con las napas a nivel de la superficie.<\/p>\n<p>\u201cSobre la zona sur tenemos la calle Mil\u00e1n bajo agua y al este la laguna que se form\u00f3 ya alcanz\u00f3 los dos metros de profundidad y est\u00e1 a s\u00f3lo 30 metros de la primera casa. \u201cAparte de todo lo que est\u00e1 inundado, tenemos un hotel rodeado de agua\u201d, detall\u00f3 el intendente, quien conf\u00eda en que ahora se concrete la apertura de los canales y as\u00ed descomprimir la presi\u00f3n de esta masa h\u00eddrica.<\/p>\n<p>Otra problem\u00e1tica que afronta la localidad de Canals es la imposibilidad de avanzar en las cloacas, sobre lo cual Peiretti adelant\u00f3 que se firmar\u00e1 un convenio con la Provincia para hacer una obra que permita comenzar con las conexiones, adem\u00e1s de hacer la red troncal interna.<\/p>\n<p>Con los suelos saturados los habitantes deben convivir con el agua servida de pozos negros que rebalsan y vuelcan a las calles.<\/p>\n<p><strong>J\u00f3venes solidarios<\/strong><\/p>\n<p>Durante el pasado fin de semana, un grupo de j\u00f3venes integrantes del Pro estuvieron recorriendo los barrios m\u00e1s comprometidos por la inundaci\u00f3n y recabaron las necesidades que hoy tienen las familias.<\/p>\n<p>Da\u00f1os en la estructura de las casas, as\u00ed como la necesidad de ropa y hasta de colchones fueron relevados. Los j\u00f3venes se encargaron luego de gestionar y conseguir ayuda para asistir a estos habitantes.<\/p>\n<h6>Fuente: Puntal<\/h6>\n","protected":false},"excerpt":{"rendered":"<p>Finalmente se concretar\u00e1 esta obra que hace tiempo se viene reclamando para descomprimir las grandes lagunas que rodean a la ciudad. Vialidad e Hidr\u00e1ulica ser\u00e1n las encargadas de dirigir los trabajos<\/p>\n","protected":false},"author":2,"featured_media":51151,"comment_status":"closed","ping_status":"closed","sticky":false,"template":"","format":"standard","meta":{"footnotes":""},"categories":[2],"tags":[3],"class_list":["post-51150","post","type-post","status-publish","format-standard","has-post-thumbnail","hentry","category-informe-municipal","tag-cordoba"],"_links":{"self":[{"href":"http:\/\/argentinamunicipal.com.ar\/argentina\/wp-json\/wp\/v2\/posts\/51150","targetHints":{"allow":["GET"]}}],"collection":[{"href":"http:\/\/argentinamunicipal.com.ar\/argentina\/wp-json\/wp\/v2\/posts"}],"about":[{"href":"http:\/\/argentinamunicipal.com.ar\/argentina\/wp-json\/wp\/v2\/types\/post"}],"author":[{"embeddable":true,"href":"http:\/\/argentinamunicipal.com.ar\/argentina\/wp-json\/wp\/v2\/users\/2"}],"replies":[{"embeddable":true,"href":"http:\/\/argentinamunicipal.com.ar\/argentina\/wp-json\/wp\/v2\/comments?post=51150"}],"version-history":[{"count":0,"href":"http:\/\/argentinamunicipal.com.ar\/argentina\/wp-json\/wp\/v2\/posts\/51150\/revisions"}],"wp:featuredmedia":[{"embeddable":true,"href":"http:\/\/argentinamunicipal.com.ar\/argentina\/wp-json\/wp\/v2\/media\/51151"}],"wp:attachment":[{"href":"http:\/\/argentinamunicipal.com.ar\/argentina\/wp-json\/wp\/v2\/media?parent=51150"}],"wp:term":[{"taxonomy":"category","embeddable":true,"href":"http:\/\/argentinamunicipal.com.ar\/argentina\/wp-json\/wp\/v2\/categories?post=51150"},{"taxonomy":"post_tag","embeddable":true,"href":"http:\/\/argentinamunicipal.com.ar\/argentina\/wp-json\/wp\/v2\/tags?post=51150"}],"curies":[{"name":"wp","href":"https:\/\/api.w.org\/{rel}","templated":true}]}}