{"id":51156,"date":"2016-07-21T07:45:13","date_gmt":"2016-07-21T10:45:13","guid":{"rendered":"http:\/\/argentinamunicipal.com.ar\/argentina\/?p=51156"},"modified":"2016-07-21T07:45:13","modified_gmt":"2016-07-21T10:45:13","slug":"fmi-argentina-quedara-15-este-ano","status":"publish","type":"post","link":"http:\/\/argentinamunicipal.com.ar\/argentina\/fmi-argentina-quedara-15-este-ano\/","title":{"rendered":"FMI: Argentina quedar\u00e1 1,5% abajo este a\u00f1o"},"content":{"rendered":"<p>En abril, hab\u00eda pronosticado una ca\u00edda de 1%. Consumo e inversi\u00f3n, dos problemas. La consultora Ferreres registr\u00f3 una baja de la producci\u00f3n industrial de 3,9% en junio.<\/p>\n<p>El Fondo Monetario Internacional (FMI) advirti\u00f3 que \u201cel impacto adverso\u201d de la \u201ctransici\u00f3n\u201d econ\u00f3mica fue \u201cmayor de lo previsto\u201d en la Argentina y corrigi\u00f3 la baja su previsi\u00f3n del nivel de actividad en el pa\u00eds para este a\u00f1o, que cerrar\u00e1 con una contracci\u00f3n de 1,5 por ciento.<\/p>\n<p>\u201cEl consumo se ha comportado de manera m\u00e1s d\u00e9bil a lo que lo anticip\u00e1bamos, tambi\u00e9n la recuperaci\u00f3n de la inversi\u00f3n que anticipamos se ha retrasado\u201d, se\u00f1al\u00f3 Alejandro Werner, director del departamento del Hemisferio Occidental del FMI en Washington. El funcionario precis\u00f3: \u201cLa revisi\u00f3n al crecimiento en 2016 responde un poco a la evoluci\u00f3n que hemos visto en el primer semestre del a\u00f1o de las variables econ\u00f3micas\u201d.<\/p>\n<p>\u201cEl ajuste de los precios relativos en el primer semestre, tras la depreciaci\u00f3n del tipo de cambio y el alza de las tarifas de los servicios p\u00fablicos, ha acelerado la inflaci\u00f3n y perjudicado el consumo privado\u201d, a\u00f1adi\u00f3.<\/p>\n<p>Werner expres\u00f3 adem\u00e1s que si bien \u201cla transici\u00f3n a un marco de pol\u00edtica macroecon\u00f3mica m\u00e1s coherente y cre\u00edble sigue avanzando y deber\u00eda afianzar las perspectivas de crecimiento a mediano plazo, el impacto adverso en la actividad a corto plazo ha sido mayor de lo previsto\u201d, de modo que el a\u00f1o 2016 cerrar\u00e1 con una contracci\u00f3n de 1,5 por ciento y no de 1 por ciento, como se hab\u00eda dicho en abril pasado.<\/p>\n<p>Para el a\u00f1o pr\u00f3ximo, el organismo mantuvo la proyecci\u00f3n de un crecimiento de 2,8 por ciento de la econom\u00eda nacional.<\/p>\n<p>Espec\u00edficamente sobre la inversi\u00f3n, Werner dijo: \u201cYa llevamos varios a\u00f1os con niveles muy bajos de inversi\u00f3n privada. Con una normalizaci\u00f3n de la situaci\u00f3n macroecon\u00f3mica, y tambi\u00e9n con una mejora muy importante en el marco regulatorio\u201d, es dable prever \u201cuna recuperaci\u00f3n muy importante\u201d.<\/p>\n<p>En tanto, la producci\u00f3n industrial cay\u00f3 en junio 3,9 por ciento respecto a igual mes del a\u00f1o anterior y acumul\u00f3 el primer semestre una baja de 0,8 por ciento interanual, estim\u00f3 ayer el Centro de Estudios Econ\u00f3micos Orlando Ferreres, que prev\u00e9 que es probable que 2016 \u201ccierre con cifras negativas\u201d.<\/p>\n<p>\u201cTras un segundo trimestre en el que la industria manufacturera se contrajo 4 por ciento anual, al cierre de la primera mitad de 2016 esta finaliz\u00f3 con un descenso anual del 0,8 por ciento con retrocesos significativos en muchos de los sectores m\u00e1s representativos\u201d, se\u00f1al\u00f3 el informe.<\/p>\n<p>El economista Maximiliano Castillo consider\u00f3 que el pron\u00f3stico del FMI acerca de una ca\u00edda de 1,5 por ciento en el PIB de la Argentina en 2016 \u201cest\u00e1 en l\u00ednea\u201d con las previsiones de los economistas locales. \u201cEs una proyecci\u00f3n que no est\u00e1 sesgada ni de optimista ni de pesimista, es m\u00e1s o menos lo que todos vemos\u201d, se\u00f1al\u00f3.<\/p>\n<p>El economista Agust\u00edn D\u2019Atellis pronostic\u00f3 que el producto interno bruto (PIB) de la Argentina caer\u00e1 entre 2 y 2,5 por ciento en 2016, un punto por encima de la contracci\u00f3n que proyect\u00f3 el Fondo Monetario Internacional.<\/p>\n<p>Mayoristas siguen en alza, pero desaceleran<\/p>\n<p>Aumentaron los precios mayoristas en junio, seg\u00fan relev\u00f3 el Indec. En mayo hab\u00edan crecido 3,6 por ciento.<\/p>\n<h6>Fuente: La Voz del Interior<\/h6>\n","protected":false},"excerpt":{"rendered":"<p>En abril, hab\u00eda pronosticado una ca\u00edda de 1%. Consumo e inversi\u00f3n, dos problemas. La consultora Ferreres registr\u00f3 una baja de la producci\u00f3n industrial de 3,9% en junio.<\/p>\n","protected":false},"author":2,"featured_media":51157,"comment_status":"closed","ping_status":"closed","sticky":false,"template":"","format":"standard","meta":{"footnotes":""},"categories":[8],"tags":[21],"class_list":["post-51156","post","type-post","status-publish","format-standard","has-post-thumbnail","hentry","category-informe-nacional","tag-argentina"],"_links":{"self":[{"href":"http:\/\/argentinamunicipal.com.ar\/argentina\/wp-json\/wp\/v2\/posts\/51156","targetHints":{"allow":["GET"]}}],"collection":[{"href":"http:\/\/argentinamunicipal.com.ar\/argentina\/wp-json\/wp\/v2\/posts"}],"about":[{"href":"http:\/\/argentinamunicipal.com.ar\/argentina\/wp-json\/wp\/v2\/types\/post"}],"author":[{"embeddable":true,"href":"http:\/\/argentinamunicipal.com.ar\/argentina\/wp-json\/wp\/v2\/users\/2"}],"replies":[{"embeddable":true,"href":"http:\/\/argentinamunicipal.com.ar\/argentina\/wp-json\/wp\/v2\/comments?post=51156"}],"version-history":[{"count":0,"href":"http:\/\/argentinamunicipal.com.ar\/argentina\/wp-json\/wp\/v2\/posts\/51156\/revisions"}],"wp:featuredmedia":[{"embeddable":true,"href":"http:\/\/argentinamunicipal.com.ar\/argentina\/wp-json\/wp\/v2\/media\/51157"}],"wp:attachment":[{"href":"http:\/\/argentinamunicipal.com.ar\/argentina\/wp-json\/wp\/v2\/media?parent=51156"}],"wp:term":[{"taxonomy":"category","embeddable":true,"href":"http:\/\/argentinamunicipal.com.ar\/argentina\/wp-json\/wp\/v2\/categories?post=51156"},{"taxonomy":"post_tag","embeddable":true,"href":"http:\/\/argentinamunicipal.com.ar\/argentina\/wp-json\/wp\/v2\/tags?post=51156"}],"curies":[{"name":"wp","href":"https:\/\/api.w.org\/{rel}","templated":true}]}}