{"id":5116,"date":"2014-03-29T08:00:47","date_gmt":"2014-03-29T11:00:47","guid":{"rendered":"http:\/\/argentinamunicipal.com.ar\/argentina\/?p=5116"},"modified":"2014-03-28T18:00:11","modified_gmt":"2014-03-28T21:00:11","slug":"el-municipio-de-santa-fe-crea-una-comision-municipal-de-asuntos-indigenas","status":"publish","type":"post","link":"http:\/\/argentinamunicipal.com.ar\/argentina\/el-municipio-de-santa-fe-crea-una-comision-municipal-de-asuntos-indigenas\/","title":{"rendered":"El Municipio de Santa Fe crea una comisi\u00f3n municipal de Asuntos Ind\u00edgenas"},"content":{"rendered":"<p><a href=\"http:\/\/argentinamunicipal.com.ar\/argentina\/wp-content\/uploads\/2014\/03\/imagen-118.jpg\"><img loading=\"lazy\" decoding=\"async\" class=\"aligncenter size-full wp-image-5117\" alt=\"imagen-118\" src=\"http:\/\/argentinamunicipal.com.ar\/argentina\/wp-content\/uploads\/2014\/03\/imagen-118.jpg\" width=\"581\" height=\"389\" srcset=\"http:\/\/argentinamunicipal.com.ar\/argentina\/wp-content\/uploads\/2014\/03\/imagen-118.jpg 581w, http:\/\/argentinamunicipal.com.ar\/argentina\/wp-content\/uploads\/2014\/03\/imagen-118-300x200.jpg 300w\" sizes=\"auto, (max-width: 581px) 100vw, 581px\" \/><\/a><\/p>\n<p>Tendr\u00e1 como objetivo gestionar pol\u00edticas estatales sobre el tema. Funcionar\u00e1 dentro del \u00e1mbito de la direcci\u00f3n de Derechos Ciudadanos. Estar\u00e1 conformada por representantes del Ejecutivo, de las comunidades abor\u00edgenes y del Concejo Deliberante.<\/p>\n<p>Un Proyecto de Ordenanza para la creaci\u00f3n de una Comisi\u00f3n Municipal de Asuntos Ind\u00edgenas se aprob\u00f3 ayer en la sesi\u00f3n del Concejo Municipal. Es una iniciativa de la concejala Adriana Molina (FPCyS-UCR).<\/p>\n<p>El espacio funcionar\u00e1 dentro de la Direcci\u00f3n de Derechos Ciudadanos. Desde ese \u00e1mbito, el Municipio impulsar\u00e1 la participaci\u00f3n de los miembros de la comunidad aborigen en el dise\u00f1o y la gesti\u00f3n de las pol\u00edticas de Estado para mejorar la calidad de vida de los pueblos originarios locales y sus descendientes, logrando preservar su identidad y asegurando la igualdad de derechos. Al mismo tiempo, se reconocen numerosos antecedentes en el \u00e1mbito de la Provincia, como por ejemplo las Leyes N\u00ba 5.487 y 10.375, de creaci\u00f3n de la Direcci\u00f3n Provincial del Aborigen y adhesi\u00f3n a la Ley Nacional N 23.302 de Protecci\u00f3n a Comunidades Abor\u00edgenes, respectivamente.<\/p>\n<p>La conformaci\u00f3n de esta Comisi\u00f3n estar\u00e1 integrada por el Ejecutivo, Concejales y por los propios representantes de las comunidades ind\u00edgenas que ser\u00e1n elegidos seg\u00fan sus costumbres y de acuerdo a sus tradiciones.<\/p>\n<p>Molina anticip\u00f3 que \u201cuna de las acciones que probablemente se lleven a cabo sea la de un censo para saber exactamente donde se encuentran las familias o alg\u00fan descendiente de las comunidades abor\u00edgenes. Nosotros, lo que planteamos es, respetando la diversidad cultural, respetando las tradiciones, pero que esto no signifique una desigualdad de derechos. La propuesta lo que quiere fundamentalmente es que sean ciudadanos con los derechos que otorga la ciudadan\u00eda y que puedan construir tambi\u00e9n aquellas pol\u00edticas p\u00fablicas que los benefician o que los tienen en cuenta\u201d.<\/p>\n<h3>Integraci\u00f3n<\/h3>\n<p>Durante la Sesi\u00f3n, en la que estuvieron presentes representantes de comunidades abor\u00edgenes, la concejala Cristina Quinteros (FPCyS-UCR) afirm\u00f3 que \u201cestamos dando muestra de que no s\u00f3lo es un acto formal m\u00e1s sino que es la puesta en pr\u00e1ctica efectiva de comenzar a ocuparnos del tema, darles el reconocimiento que nunca debieron perder e integr\u00e1ndolos definitivamente a la misma comunidad\u201d.<\/p>\n<p>La Comisi\u00f3n Municipal de Asuntos Ind\u00edgenas estar\u00e1 integrada por cuatro representantes del Departamento Ejecutivo Municipal, designados expresamente por el Intendente; tres representantes de cada comunidad ind\u00edgena quienes ser\u00e1n elegidos cada dos a\u00f1os, en asambleas de acuerdo a sus costumbres; y dos Concejales.<\/p>\n<p>En tanto, el espacio tendr\u00e1 como funciones proponer y dise\u00f1ar anualmente las pol\u00edticas p\u00fablicas espec\u00edficas; crear las bases para el desarrollo integral sostenido y compatible con su cosmovisi\u00f3n; proponer pol\u00edticas habitacionales aptas para su desarrollo; y atender a la diversidad cultural de los pueblos originarios, a las situaciones socioecon\u00f3micas, a los recursos naturales y sociales con que cuentan.<\/p>\n<p>Adem\u00e1s, tendr\u00e1 como objetivo potenciar los recursos humanos, t\u00e9cnicos y financieros, articulando acciones con los diferentes organismos del Estado y organizaciones de la sociedad civil; promover peri\u00f3dicamente un censo de poblaci\u00f3n de los pueblos originarios con el fin de determinar las variables sobre migraci\u00f3n, educaci\u00f3n, salud y poblaci\u00f3n; operativizar la educaci\u00f3n formal y no formal en todos los niveles y edades; crear en el \u00e1mbito del Cementeri o Municipal un sector especialmente delimitado, destinado a las inhumaciones de los integrantes de las comunidades ind\u00edgenas; garantizar el patrimonio cultural y los lenguajes art\u00edsticos con el fin de preservarlos y recuperarlos, al igual que el patrimonio tangible e intangible; realizar campa\u00f1as de difusi\u00f3n y comunicaci\u00f3n sobre las culturas originarias tendientes a rescatar, valorar, reflexionar y revalorizar la presencia ind\u00edgena como valor cultural ancestral y como ser humano con derechos; y promover la difusi\u00f3n y comercializaci\u00f3n de elementos culturales de su creaci\u00f3n y sus artesan\u00edas.<\/p>\n<h6>Fuente: El Litoral de Santa Fe<\/h6>\n","protected":false},"excerpt":{"rendered":"<p>Tendr\u00e1 como objetivo gestionar pol\u00edticas estatales sobre el tema. Funcionar\u00e1 dentro del \u00e1mbito de la direcci\u00f3n de Derechos Ciudadanos. Estar\u00e1 conformada por representantes del Ejecutivo, de las comunidades abor\u00edgenes y del Concejo Deliberante. Un Proyecto de Ordenanza para la creaci\u00f3n de una Comisi\u00f3n Municipal de Asuntos Ind\u00edgenas se aprob\u00f3 ayer en la sesi\u00f3n del Concejo<\/p>\n","protected":false},"author":1,"featured_media":5117,"comment_status":"closed","ping_status":"closed","sticky":false,"template":"","format":"standard","meta":{"footnotes":""},"categories":[2],"tags":[10],"class_list":["post-5116","post","type-post","status-publish","format-standard","has-post-thumbnail","hentry","category-informe-municipal","tag-santa-fe"],"_links":{"self":[{"href":"http:\/\/argentinamunicipal.com.ar\/argentina\/wp-json\/wp\/v2\/posts\/5116","targetHints":{"allow":["GET"]}}],"collection":[{"href":"http:\/\/argentinamunicipal.com.ar\/argentina\/wp-json\/wp\/v2\/posts"}],"about":[{"href":"http:\/\/argentinamunicipal.com.ar\/argentina\/wp-json\/wp\/v2\/types\/post"}],"author":[{"embeddable":true,"href":"http:\/\/argentinamunicipal.com.ar\/argentina\/wp-json\/wp\/v2\/users\/1"}],"replies":[{"embeddable":true,"href":"http:\/\/argentinamunicipal.com.ar\/argentina\/wp-json\/wp\/v2\/comments?post=5116"}],"version-history":[{"count":0,"href":"http:\/\/argentinamunicipal.com.ar\/argentina\/wp-json\/wp\/v2\/posts\/5116\/revisions"}],"wp:featuredmedia":[{"embeddable":true,"href":"http:\/\/argentinamunicipal.com.ar\/argentina\/wp-json\/wp\/v2\/media\/5117"}],"wp:attachment":[{"href":"http:\/\/argentinamunicipal.com.ar\/argentina\/wp-json\/wp\/v2\/media?parent=5116"}],"wp:term":[{"taxonomy":"category","embeddable":true,"href":"http:\/\/argentinamunicipal.com.ar\/argentina\/wp-json\/wp\/v2\/categories?post=5116"},{"taxonomy":"post_tag","embeddable":true,"href":"http:\/\/argentinamunicipal.com.ar\/argentina\/wp-json\/wp\/v2\/tags?post=5116"}],"curies":[{"name":"wp","href":"https:\/\/api.w.org\/{rel}","templated":true}]}}