{"id":51177,"date":"2016-07-21T08:12:05","date_gmt":"2016-07-21T11:12:05","guid":{"rendered":"http:\/\/argentinamunicipal.com.ar\/argentina\/?p=51177"},"modified":"2016-07-21T08:12:05","modified_gmt":"2016-07-21T11:12:05","slug":"la-emergencia-hidrica-round-la-pelea-santa-fe-nacion","status":"publish","type":"post","link":"http:\/\/argentinamunicipal.com.ar\/argentina\/la-emergencia-hidrica-round-la-pelea-santa-fe-nacion\/","title":{"rendered":"La emergencia h\u00eddrica, otro round de la pelea entre Santa Fe\u00a0y Naci\u00f3n"},"content":{"rendered":"<p>El ministro Contigiani sali\u00f3 al cruce de cr\u00edticas desde el PRO por la ayuda enviada para el sector tambero<\/p>\n<p>El ministro de la Producci\u00f3n, Luis Contigiani, precis\u00f3 que la emergencia agropecuaria que afect\u00f3 a la provincia de Santa Fe ocasion\u00f3 p\u00e9rdidas por 2.500 millones de d\u00f3lares, e indic\u00f3 que de la asistencia recibida de parte de la Naci\u00f3n para los tamberos -55 millones de pesos-, ya se entregaron 20 millones en ocho d\u00edas.<\/p>\n<p>Esa fue la respuesta al diputado del PRO Federico Angelini, quien acus\u00f3 al gobierno provincial de no haber distribuido entre los productores los fondos enviados debido a la emergencia agropecuaria.<br \/>\nAl respecto, el ministro se\u00f1al\u00f3: \u00abEn abril y mayo vivimos en la provincia una emergencia h\u00eddrica extraordinaria que ameritaba soluciones extraordinarias. En ese marco \u2013ante una situaci\u00f3n que golpe\u00f3 a todo el aparato productivo de Santa Fe, en 18 de 19 departamentos\u2013 la \u00fanica ayuda que lleg\u00f3 del Gobierno Nacional fueron 55 millones de pesos provenientes del Fondo Nacional de Emergencia Agropecuaria que gestionamos desde Santa Fe para atender a los tamberos afectados\u00bb.<\/p>\n<p>\u00abEl 13 de junio recibimos los recursos y en 22 d\u00edas h\u00e1biles confeccionamos expedientes, firmamos convenios con el Nuevo Banco de Santa Fe, redactamos el decreto que firm\u00f3 el gobernador Miguel Lifschitz para poder utilizar el dinero y realizamos un listado con todos los productores tamberos que ser\u00edan alcanzados por el subsidio de $400 por vaca. Todo este proceso \u2013fundamentalmente administrativo\u2013 lo hicimos en tiempo r\u00e9cord\u00bb, agreg\u00f3.<\/p>\n<p>\u00abCasi un mes despu\u00e9s, el 12 de julio, se comenz\u00f3 a pagar en las ventanillas del mencionado banco la ayuda de $400 por vaca, recursos provenientes de los 55 millones de pesos aportados por la Naci\u00f3n. Al 20 de julio ya se han otorgado $20.144.000 a 758 tamberos\u00bb, indic\u00f3.<br \/>\nEn ese contexto, Contigiani manifest\u00f3: \u00abSeguimos avanzando, con eficacia y transparencia ya que establecimos una l\u00ednea directa entre el tambero y la ventanilla del banco\u00bb.<\/p>\n<p>\u00abMientras tanto, solo a trav\u00e9s del Ministerio de la Producci\u00f3n, la provincia ya lleva m\u00e1s de 122 millones de pesos invertidos para apoyar al sector arrocero y ca\u00f1ero, para otorgar cr\u00e9ditos a empresas afectadas, entregar semillas al sector hort\u00edcola, acompa\u00f1ar a peque\u00f1os productores ganaderos ante la crecida del Paran\u00e1 y tambi\u00e9n en subsidio de tasas de cr\u00e9ditos para tamberos\u00bb, detall\u00f3.<\/p>\n<p>En lo que va del a\u00f1o, el gobierno provincial asegura haber invertido m\u00e1s de 600 millones de pesos en la reparaci\u00f3n de da\u00f1os producidos por la emergencia y la asignaci\u00f3n de recursos a municipios y comunas a trav\u00e9s del Fondo de Obras Menores, como tambi\u00e9n a organizaciones del sector productivo para ir paliando los efectos de las intensas precipitaciones.<\/p>\n<h6>Fuente: Uno Santa fe<\/h6>\n","protected":false},"excerpt":{"rendered":"<p>El ministro Contigiani sali\u00f3 al cruce de cr\u00edticas desde el PRO por la ayuda enviada para el sector tambero<\/p>\n","protected":false},"author":2,"featured_media":51178,"comment_status":"closed","ping_status":"closed","sticky":false,"template":"","format":"standard","meta":{"footnotes":""},"categories":[65],"tags":[10],"class_list":["post-51177","post","type-post","status-publish","format-standard","has-post-thumbnail","hentry","category-provincias","tag-santa-fe"],"_links":{"self":[{"href":"http:\/\/argentinamunicipal.com.ar\/argentina\/wp-json\/wp\/v2\/posts\/51177","targetHints":{"allow":["GET"]}}],"collection":[{"href":"http:\/\/argentinamunicipal.com.ar\/argentina\/wp-json\/wp\/v2\/posts"}],"about":[{"href":"http:\/\/argentinamunicipal.com.ar\/argentina\/wp-json\/wp\/v2\/types\/post"}],"author":[{"embeddable":true,"href":"http:\/\/argentinamunicipal.com.ar\/argentina\/wp-json\/wp\/v2\/users\/2"}],"replies":[{"embeddable":true,"href":"http:\/\/argentinamunicipal.com.ar\/argentina\/wp-json\/wp\/v2\/comments?post=51177"}],"version-history":[{"count":0,"href":"http:\/\/argentinamunicipal.com.ar\/argentina\/wp-json\/wp\/v2\/posts\/51177\/revisions"}],"wp:featuredmedia":[{"embeddable":true,"href":"http:\/\/argentinamunicipal.com.ar\/argentina\/wp-json\/wp\/v2\/media\/51178"}],"wp:attachment":[{"href":"http:\/\/argentinamunicipal.com.ar\/argentina\/wp-json\/wp\/v2\/media?parent=51177"}],"wp:term":[{"taxonomy":"category","embeddable":true,"href":"http:\/\/argentinamunicipal.com.ar\/argentina\/wp-json\/wp\/v2\/categories?post=51177"},{"taxonomy":"post_tag","embeddable":true,"href":"http:\/\/argentinamunicipal.com.ar\/argentina\/wp-json\/wp\/v2\/tags?post=51177"}],"curies":[{"name":"wp","href":"https:\/\/api.w.org\/{rel}","templated":true}]}}