{"id":51196,"date":"2016-07-21T06:35:48","date_gmt":"2016-07-21T09:35:48","guid":{"rendered":"http:\/\/argentinamunicipal.com.ar\/argentina\/?p=51196"},"modified":"2016-07-21T08:38:47","modified_gmt":"2016-07-21T11:38:47","slug":"la-cgt-advierte-pais-crisis-crece-la-posibilidad-paro","status":"publish","type":"post","link":"http:\/\/argentinamunicipal.com.ar\/argentina\/la-cgt-advierte-pais-crisis-crece-la-posibilidad-paro\/","title":{"rendered":"La CGT advierte que en el pa\u00eds hay \u00abcrisis\u00bb y crece la posibilidad de un paro"},"content":{"rendered":"<p>Los dirigentes gremiales sostienen que el pa\u00eds atraviesa una \u00abcrisis social a partir del aumento indiscriminado de precios de la canasta familiar\u00bb y adem\u00e1s sugieren la posibilidad de convocar un paro nacional.<\/p>\n<p>Cuando resta un mes para sellar la unidad, las tres CGT trabajaban por estas horas en un documento con fuertes cuestionamientos al Gobierno, que advierte que el pa\u00eds atraviesa una \u00abcrisis social a partir del aumento indiscriminado de precios de la canasta familiar\u00bb y adem\u00e1s sugiere la posibilidad de convocar al primer paro nacional contra la gesti\u00f3n de Mauricio Macri.<\/p>\n<p>El documento llevar\u00e1 la firma de Hugo Moyano, Antonio Cal\u00f3 y Luis Barrionuevo y ser\u00eda dado a conocer este jueves en la reuni\u00f3n de \u00abmesa chica\u00bb de las tres CGT que se realizar\u00e1 al mediod\u00eda en la sede de la calle Azopardo, aunque ya trascendieron algunos p\u00e1rrafos del escrito.<\/p>\n<p>\u00abEl Secretariado tratar\u00e1 la gravedad de la actual situaci\u00f3n social, que ha perjudicado mayoritariamente a los trabajadores activos, pasivos e informales, con el aumento indiscriminado de las tarifas, perjudicando principalmente al empleo, provocando desocupaci\u00f3n, deterioro en el habitual cobro de salarios, atraso en los pagos correspondientes a nuestras obras sociales y el aumento sistem\u00e1tico de la conflictividad judicial laboral\u00bb, plantea el documento cegetista.<\/p>\n<p>Adem\u00e1s indica que \u00abel incumplimiento de las promesas de campa\u00f1a, como era la derogaci\u00f3n del impuesto al trabajo, mal llamado de Ganancias, afecta cada vez m\u00e1s a los trabajadores y a sus familias\u00bb.<\/p>\n<p>En uno de sus principales p\u00e1rrafos el escrito advierte que en el plenario que se har\u00e1 el 5 de agosto, 17 d\u00edas antes de concretar la unidad, la CGT podr\u00eda anunciar la convocatoria a una huelga nacional, tal como ya hab\u00eda anticipado el presidente de la Confederaci\u00f3n de Trabajadores del Transporte (CATT) y candidato a integrar el triunvirato de la pr\u00f3xima conducci\u00f3n cegetista, Juan Carlos Schmid.<\/p>\n<p>\u00abLa importante p\u00e9rdida del valor adquisitivo que sufren los salarios, luego de la brutal devaluaci\u00f3n, acompa\u00f1ado por la crisis social a partir del aumento indiscriminado de precios de la canasta familiar, hace que este plenario tenga la obligaci\u00f3n de tratar estos temas y adopte resoluciones para evitar que la crisis siga derrumbando puestos de trabajo, salarios y derechos adquiridos\u00bb, plantea en ese sentido el documento.<\/p>\n<p>Los principales dirigentes de las tres vertientes de la CGT se reunir\u00e1n este jueves en la sede de Azopardo para continuar negociando la futura conducci\u00f3n de la central unificada, que todo indica que ser\u00eda un triunvirato aunque hay seis aspirantes para integrarlo.<\/p>\n<p>En ese marco, los dirigentes sindicales difundir\u00edan el documento, aunque tampoco descartaron que se posponga unas semanas y vea luz reci\u00e9n en el plenario del 5 de agosto, indicaron a NA el moyanista Abel Frutos (Panaderos) y el barrionuevista Carlos Acu\u00f1a (Estaciones de Servicio).<\/p>\n<p>Frutos plante\u00f3 su preocupaci\u00f3n por la situaci\u00f3n del pa\u00eds y sostuvo que su gremio ya pidi\u00f3 la \u00abreapertura de la paritaria\u00bb porque el acuerdo salarial ya qued\u00f3 varios puntos por debajo de la inflaci\u00f3n.<\/p>\n<p>Por su parte, Acu\u00f1a lament\u00f3 que en cada documento que emite la CGT \u00abse siguen sumando problemas: inflaci\u00f3n, inseguridad, p\u00e9rdida del poder adquisitivo, suba de tarifas. . .\u00bb.<\/p>\n<p>Si bien existe un acuerdo t\u00e1cito de conformar un triunvirato que represente a cada CGT, integrado por Schmid, H\u00e9ctor Daer y Acu\u00f1a, las recientes postulaciones de Sergio Sasia, Sergio Palazzo y Ger\u00f3nimo Venegas tensaron las negociaciones, las cuales se retomar\u00e1n este jueves, a fin de llegar sin conflictos al congreso del 22 de agosto en el que se presentar\u00e1 a la nueva conducci\u00f3n.<\/p>\n<h6>Fuente: El Once<\/h6>\n","protected":false},"excerpt":{"rendered":"<p>Los dirigentes gremiales sostienen que el pa\u00eds atraviesa una \u00abcrisis social a partir del aumento indiscriminado de precios de la canasta familiar\u00bb y adem\u00e1s sugieren la posibilidad de convocar un paro nacional.<\/p>\n","protected":false},"author":2,"featured_media":51197,"comment_status":"closed","ping_status":"closed","sticky":false,"template":"","format":"standard","meta":{"footnotes":""},"categories":[8],"tags":[21],"class_list":["post-51196","post","type-post","status-publish","format-standard","has-post-thumbnail","hentry","category-informe-nacional","tag-argentina"],"_links":{"self":[{"href":"http:\/\/argentinamunicipal.com.ar\/argentina\/wp-json\/wp\/v2\/posts\/51196","targetHints":{"allow":["GET"]}}],"collection":[{"href":"http:\/\/argentinamunicipal.com.ar\/argentina\/wp-json\/wp\/v2\/posts"}],"about":[{"href":"http:\/\/argentinamunicipal.com.ar\/argentina\/wp-json\/wp\/v2\/types\/post"}],"author":[{"embeddable":true,"href":"http:\/\/argentinamunicipal.com.ar\/argentina\/wp-json\/wp\/v2\/users\/2"}],"replies":[{"embeddable":true,"href":"http:\/\/argentinamunicipal.com.ar\/argentina\/wp-json\/wp\/v2\/comments?post=51196"}],"version-history":[{"count":0,"href":"http:\/\/argentinamunicipal.com.ar\/argentina\/wp-json\/wp\/v2\/posts\/51196\/revisions"}],"wp:featuredmedia":[{"embeddable":true,"href":"http:\/\/argentinamunicipal.com.ar\/argentina\/wp-json\/wp\/v2\/media\/51197"}],"wp:attachment":[{"href":"http:\/\/argentinamunicipal.com.ar\/argentina\/wp-json\/wp\/v2\/media?parent=51196"}],"wp:term":[{"taxonomy":"category","embeddable":true,"href":"http:\/\/argentinamunicipal.com.ar\/argentina\/wp-json\/wp\/v2\/categories?post=51196"},{"taxonomy":"post_tag","embeddable":true,"href":"http:\/\/argentinamunicipal.com.ar\/argentina\/wp-json\/wp\/v2\/tags?post=51196"}],"curies":[{"name":"wp","href":"https:\/\/api.w.org\/{rel}","templated":true}]}}