{"id":51212,"date":"2016-07-22T06:51:07","date_gmt":"2016-07-22T09:51:07","guid":{"rendered":"http:\/\/argentinamunicipal.com.ar\/argentina\/?p=51212"},"modified":"2016-07-22T06:51:07","modified_gmt":"2016-07-22T09:51:07","slug":"otras-15-empresas-quieren-radicarse-parque-industrial-deheza","status":"publish","type":"post","link":"http:\/\/argentinamunicipal.com.ar\/argentina\/otras-15-empresas-quieren-radicarse-parque-industrial-deheza\/","title":{"rendered":"Otras 15 empresas quieren radicarse en el Parque Industrial de Deheza"},"content":{"rendered":"<p>Por iniciativa de la Municipalidad se recuperaron 6 hect\u00e1reas ociosas y fueron puestas nuevamente a la venta. Tras una convocatoria, inversores se presentaron para adquirirlas e instalar sus plantas<\/p>\n<p>Quince empresarios de distintos rubros respondieron a la convocatoria lanzada por la Municipalidad respecto al inter\u00e9s por la radicaci\u00f3n de sus emprendimientos en el Parque Industrial \u201cAdri\u00e1n Pascual Urqu\u00eda\u201d.<\/p>\n<p>A pesar de que el sector ha mostrado una retracci\u00f3n en su actividad, tal lo manifestado desde la Asociaci\u00f3n Empresarial, hay inter\u00e9s en invertir en este predio fabril, calificado como uno de los m\u00e1s importantes del pa\u00eds.<\/p>\n<p>Eduardo Freytes, presidente de esta entidad, record\u00f3 que el Municipio realiz\u00f3 un seguimiento de terrenos ociosos que permiti\u00f3 recuperar unas 6 hect\u00e1reas, donde pretenden lograr nuevas radicaciones de empresas de bienes y servicios. \u00abLa gesti\u00f3n ha sido muy positiva. Contamos con muchos interesados en radicarse en nuestro Parque, que tiene todos los servicios. De igual modo estamos en gestiones permanentes para que llegue el gas natural y hay avances significativos sobre esta posibilidad\u00bb, agreg\u00f3.<\/p>\n<p>Respecto de la lista de quienes esperan para poder producir en este predio fabril, Freytes indic\u00f3 que \u00abse analiza en comisi\u00f3n cada caso. Si es viable para que funcione en el Parque, donde la orientaci\u00f3n es servicio y producci\u00f3n, por ello debemos analizar detenidamente cada una de las solicitudes y pedidos que tenemos. El inter\u00e9s es mucho y tambi\u00e9n result\u00f3 sugestivo que se recuperen nuevos espacios\u00bb.<\/p>\n<p>El Municipio local trabaja actualmente junto con la comisi\u00f3n administrativa del Parque en retirarles los terrenos a los empresarios que, luego de adquirirlos, no cumplieron con el objetivo y el proyecto para el cual lo hab\u00edan comprado. La idea es volver a ponerlos a disposici\u00f3n de los nuevos inversores que est\u00e1n esperando por un espacio.<\/p>\n<p>Las empresas a las que se les retirar\u00e1n los terrenos ya fueron informadas y se lograron recuperar un total de 6 hect\u00e1reas.<\/p>\n<p><strong>Beneficios<\/strong><\/p>\n<p>En cuanto a las nuevas radicaciones, Freytes indic\u00f3, con relaci\u00f3n a costos y beneficios, que otorgar\u00e1n la Promoci\u00f3n Industrial vigente, por lo que no abonar\u00e1n la tasa a Industria y Comercio, accediendo a un determinado precio de compra y venta, 8 d\u00f3lares para la compra, 10 d\u00f3lares para la venta.<\/p>\n<p>El Parque Industrial Adri\u00e1n Pascual Urqu\u00eda posee unas 100 hect\u00e1reas productivas y tiene en actividad unas 50 empresas que ocupan a unas 600 personas diariamente de manera directa, ubicado estrat\u00e9gicamente a la vera de la ruta nacional 158, denominada del Mercosur.<\/p>\n<p><strong>40% de ca\u00edda en la actividad<\/strong><\/p>\n<p>A pesar del inter\u00e9s de los empresarios en radicarse en el Parque, Freytes opin\u00f3 respecto de la actualidad del sector: \u00abHemos registrado una ca\u00edda del 40% en nuestra actividad &#8211; se\u00f1al\u00f3 el presidente de la Asociaci\u00f3n Empresarial-, estamos principalmente ligados al man\u00ed y las expectativas eran mejores, pero baj\u00f3 el rendimiento debido a las inclemencias clim\u00e1ticas, por ello y a pesar de ca\u00edda en la producci\u00f3n, tenemos la esperanza de que en adelante podamos observar una reactivaci\u00f3n\u00bb, agreg\u00f3.<\/p>\n<p>En cuanto a medidas que debieron tomarse en el sector debido a la baja en la producci\u00f3n, Eduardo Freytes precis\u00f3 que \u00abse redujeron las horas extras, pero todav\u00eda no hay despidos en el sector, esperemos que se reactive la industria y puedan cumplirse las expectativas que todos tenemos, de producir m\u00e1s y generar empleo\u00bb, a\u00f1adi\u00f3.<\/p>\n<h6>Fuente: Puntal<\/h6>\n","protected":false},"excerpt":{"rendered":"<p>Por iniciativa de la Municipalidad se recuperaron 6 hect\u00e1reas ociosas y fueron puestas nuevamente a la venta. Tras una convocatoria, inversores se presentaron para adquirirlas e instalar sus plantas<\/p>\n","protected":false},"author":2,"featured_media":51213,"comment_status":"closed","ping_status":"closed","sticky":false,"template":"","format":"standard","meta":{"footnotes":""},"categories":[2],"tags":[3],"class_list":["post-51212","post","type-post","status-publish","format-standard","has-post-thumbnail","hentry","category-informe-municipal","tag-cordoba"],"_links":{"self":[{"href":"http:\/\/argentinamunicipal.com.ar\/argentina\/wp-json\/wp\/v2\/posts\/51212","targetHints":{"allow":["GET"]}}],"collection":[{"href":"http:\/\/argentinamunicipal.com.ar\/argentina\/wp-json\/wp\/v2\/posts"}],"about":[{"href":"http:\/\/argentinamunicipal.com.ar\/argentina\/wp-json\/wp\/v2\/types\/post"}],"author":[{"embeddable":true,"href":"http:\/\/argentinamunicipal.com.ar\/argentina\/wp-json\/wp\/v2\/users\/2"}],"replies":[{"embeddable":true,"href":"http:\/\/argentinamunicipal.com.ar\/argentina\/wp-json\/wp\/v2\/comments?post=51212"}],"version-history":[{"count":0,"href":"http:\/\/argentinamunicipal.com.ar\/argentina\/wp-json\/wp\/v2\/posts\/51212\/revisions"}],"wp:featuredmedia":[{"embeddable":true,"href":"http:\/\/argentinamunicipal.com.ar\/argentina\/wp-json\/wp\/v2\/media\/51213"}],"wp:attachment":[{"href":"http:\/\/argentinamunicipal.com.ar\/argentina\/wp-json\/wp\/v2\/media?parent=51212"}],"wp:term":[{"taxonomy":"category","embeddable":true,"href":"http:\/\/argentinamunicipal.com.ar\/argentina\/wp-json\/wp\/v2\/categories?post=51212"},{"taxonomy":"post_tag","embeddable":true,"href":"http:\/\/argentinamunicipal.com.ar\/argentina\/wp-json\/wp\/v2\/tags?post=51212"}],"curies":[{"name":"wp","href":"https:\/\/api.w.org\/{rel}","templated":true}]}}