{"id":51224,"date":"2016-07-22T07:15:26","date_gmt":"2016-07-22T10:15:26","guid":{"rendered":"http:\/\/argentinamunicipal.com.ar\/argentina\/?p=51224"},"modified":"2016-07-22T07:15:26","modified_gmt":"2016-07-22T10:15:26","slug":"revelan-la-cuenca-del-rio-parana-esta-contaminada-glifosato","status":"publish","type":"post","link":"http:\/\/argentinamunicipal.com.ar\/argentina\/revelan-la-cuenca-del-rio-parana-esta-contaminada-glifosato\/","title":{"rendered":"Revelan que la cuenca del r\u00edo Paran\u00e1 est\u00e1 contaminada con glifosato"},"content":{"rendered":"<p>Seg\u00fan un estudio de cient\u00edficos del Conicet, el r\u00edo recibe una carga contaminante de sus afluentes, sobre todo en las zonas de agricultura intensiva.<\/p>\n<p>La cuenca del r\u00edo Paran\u00e1 est\u00e1 altamente contaminada con el herbicida glifosato o AMPA, su degradaci\u00f3n, seg\u00fan una investigaci\u00f3n de cient\u00edficos argentinos publicada por la revista internacional Environmental Monitoring and Assessment.<br \/>\nEl trabajo, que lleva la firma de, entre otros, Alicia Ronco y Dami\u00e1n Marino, investigadores del Conicet, expone que el Paran\u00e1 recibe una carga contaminante de sus afluentes sobre todo en las zonas donde se realiza agricultura intensiva mediante la f\u00f3rmula que combina semillas transg\u00e9nicas, agroqu\u00edmicos y siembra directa.<\/p>\n<p>La investigaci\u00f3n, llevada a cabo entre los a\u00f1os 2011 y 2012, destaca que el herbicida y su metabolito se concentran mayormente en los sedimentos de los cursos de agua que alimentan al Paran\u00e1.<\/p>\n<p>Mediante testeos concretados en 23 puntos espec\u00edficos del r\u00edo en cuesti\u00f3n, el Paraguay y sus afluentes, los cient\u00edficos ubicaron altas concentraciones del plaguicida sobre todo en el lecho de estas corrientes, public\u00f3 el sitio Adelanto24.com.<\/p>\n<p>El monitoreo arroj\u00f3, contundente, que la contaminaci\u00f3n m\u00e1s alta de glifosato corresponde al r\u00edo Luj\u00e1n. Tambi\u00e9n los resultados fueron alarmantes en los tramos del Paran\u00e1 que comprenden a las provincias de Santa Fe y Entre R\u00edos.<\/p>\n<p>Para el equipo que llev\u00f3 a cabo la experiencia, esto es consecuencia directa de las actividades agr\u00edcolas que se realizan en toda esa \u00e1rea del pa\u00eds.<\/p>\n<p>\u00abLa carga de glifosato aument\u00f3 a partir de la zona centro de la provincia de Santa Fe, con concentraciones muy elevadas en afluentes como el arroyo Saladillo. Los niveles que medimos en muchos casos dieron m\u00e1s elevados que los cotejados directamente en campos de soja\u00bb, enfatiz\u00f3 Marino.<\/p>\n<p><strong>Perjuicios<\/strong><br \/>\n\u00abSe detect\u00f3 sulfuro, y el problema es que opera como un agente que no permite la degradaci\u00f3n normal a trav\u00e9s de microorganismos. La falta de ox\u00edgeno que origina el v\u00ednculo entre el glifosato y el sulfuro hace que el herbicida perdure en el tiempo. La falta de organismos que oxiden, derivada de esta combinaci\u00f3n que hallamos en los lechos, origina que el glifosato siga acumul\u00e1ndose\u00bb, argument\u00f3 el cient\u00edfico.<\/p>\n<p>Sostuvo tambi\u00e9n que buena parte de la incorporaci\u00f3n del plaguicida a las aguas surge del escurrido de las lluvias que caen sobre los campos productivos.<\/p>\n<p>\u00abEl glifosato es poco af\u00edn a permanecer en el agua, por eso lo detectamos muy poco en el centro del r\u00edo. Pero s\u00ed se adhiere en el fondo, se acumula en el barro. En tanto los materiales tienden a movilizarse hacia las costas, entonces tenemos un lodo en tr\u00e1nsito que luego se acumula en las playas\u00bb, indic\u00f3.<\/p>\n<h6>Fuente: Uno Santa fe<\/h6>\n","protected":false},"excerpt":{"rendered":"<p>Seg\u00fan un estudio de cient\u00edficos del Conicet, el r\u00edo recibe una carga contaminante de sus afluentes, sobre todo en las zonas de agricultura intensiva.<\/p>\n","protected":false},"author":2,"featured_media":51225,"comment_status":"closed","ping_status":"closed","sticky":false,"template":"","format":"standard","meta":{"footnotes":""},"categories":[65],"tags":[17,10],"class_list":["post-51224","post","type-post","status-publish","format-standard","has-post-thumbnail","hentry","category-provincias","tag-entre-rios","tag-santa-fe"],"_links":{"self":[{"href":"http:\/\/argentinamunicipal.com.ar\/argentina\/wp-json\/wp\/v2\/posts\/51224","targetHints":{"allow":["GET"]}}],"collection":[{"href":"http:\/\/argentinamunicipal.com.ar\/argentina\/wp-json\/wp\/v2\/posts"}],"about":[{"href":"http:\/\/argentinamunicipal.com.ar\/argentina\/wp-json\/wp\/v2\/types\/post"}],"author":[{"embeddable":true,"href":"http:\/\/argentinamunicipal.com.ar\/argentina\/wp-json\/wp\/v2\/users\/2"}],"replies":[{"embeddable":true,"href":"http:\/\/argentinamunicipal.com.ar\/argentina\/wp-json\/wp\/v2\/comments?post=51224"}],"version-history":[{"count":0,"href":"http:\/\/argentinamunicipal.com.ar\/argentina\/wp-json\/wp\/v2\/posts\/51224\/revisions"}],"wp:featuredmedia":[{"embeddable":true,"href":"http:\/\/argentinamunicipal.com.ar\/argentina\/wp-json\/wp\/v2\/media\/51225"}],"wp:attachment":[{"href":"http:\/\/argentinamunicipal.com.ar\/argentina\/wp-json\/wp\/v2\/media?parent=51224"}],"wp:term":[{"taxonomy":"category","embeddable":true,"href":"http:\/\/argentinamunicipal.com.ar\/argentina\/wp-json\/wp\/v2\/categories?post=51224"},{"taxonomy":"post_tag","embeddable":true,"href":"http:\/\/argentinamunicipal.com.ar\/argentina\/wp-json\/wp\/v2\/tags?post=51224"}],"curies":[{"name":"wp","href":"https:\/\/api.w.org\/{rel}","templated":true}]}}