{"id":51227,"date":"2016-07-22T06:19:13","date_gmt":"2016-07-22T09:19:13","guid":{"rendered":"http:\/\/argentinamunicipal.com.ar\/argentina\/?p=51227"},"modified":"2016-07-22T07:21:04","modified_gmt":"2016-07-22T10:21:04","slug":"cinturon-verde-rosario-producir-mejores-alimentos","status":"publish","type":"post","link":"http:\/\/argentinamunicipal.com.ar\/argentina\/cinturon-verde-rosario-producir-mejores-alimentos\/","title":{"rendered":"Un cintur\u00f3n verde en Rosario para producir mejores alimentos"},"content":{"rendered":"<p>La intendenta present\u00f3 ayer un proyecto que tiene por objetivo fortalecer a los agricultores urbanos de Rosario<\/p>\n<p>La intendenta M\u00f3nica Fein present\u00f3 ayer el proyecto multidisciplinario \u00abCintur\u00f3n Verde-Producci\u00f3n Sustentable de Alimentos\u00bb, elaborado desde distintas \u00e1reas municipales para crear y poner en pr\u00e1ctica la promoci\u00f3n de un cintur\u00f3n verde en la ciudad que fortalezca a los agricultores urbanos y genere una producci\u00f3n sustentable de alimentos, libre de contaminantes f\u00edsicos, qu\u00edmicos y biol\u00f3gicos.<\/p>\n<p>Este proyecto prev\u00e9, entre otros puntos, la puesta en marcha de un sello de calidad de los alimentos, potenciar canales de comercializaci\u00f3n y generar nuevos, como el futuro Mercado del Patio, en vistas a fortalecer el circuito comercial. De esta manera, Rosario se posiciona como la primera ciudad del pa\u00eds en promover la producci\u00f3n agroecol\u00f3gica local, generando puestos de trabajo genuinos y garantizando el consumo de frutas y verduras m\u00e1s sanas.<\/p>\n<p>\u00abEste es un proyecto que hace tiempo se trabaja en el Gabinete de Sustentabilidad de la Municipalidad. Este cintur\u00f3n verde va a acompa\u00f1ar al desarrollo de la agricultura con los quinteros locales\u00bb, destac\u00f3.<\/p>\n<p>En tal sentido, dijo que \u00abel plan urbano indica que debemos recuperar un \u00e1rea para la producci\u00f3n frutihort\u00edcola, son 800 hect\u00e1reas ubicadas en zonas no urbanizables\u00bb.<\/p>\n<p>Sustentable. \u00abEsto se realiza bajo un marco legal que promueve un modelo de producci\u00f3n sustentable, de bajo impacto ambiental y agroecol\u00f3gico, sin agroqu\u00edmicos y sustentable para los productores, que muchas veces est\u00e1n en condiciones de mucha vulnerabilidad\u00bb, indic\u00f3 Fein.<\/p>\n<p>La jefa comunal destac\u00f3 que el municipio firm\u00f3 un convenio con distintas instituciones para llevar a cabo este plan y puntualiz\u00f3: \u00abEn tres a\u00f1os vamos a hacer una inversi\u00f3n de 30 millones y vamos a buscar el asesoramiento de todas estas instituciones para lograr la soberan\u00eda alimentaria en la ciudad, con productos que son sanos para qui\u00e9n lo consume y que le dan trabajo a mucha gente\u00bb.<\/p>\n<p>Teniendo en cuenta que las condiciones de comercializaci\u00f3n a las que se enfrentan los productores locales no son \u00f3ptimas, Fein manifest\u00f3 que la idea es lograr una producci\u00f3n priorizada.\u00bbYa tenemos un convenio con la Asociaci\u00f3n Empresaria Hotelera Gastron\u00f3mica que permite que nuestros huerteros le vendan, y ahora vamos a tener una posibilidad de comercializaci\u00f3n directa en el Mercado del Patio\u00bb, se\u00f1al\u00f3.<\/p>\n<p>En detalle. El proyecto prev\u00e9, en primera instancia, para el segundo semestre del 2016, una inversi\u00f3n $890.000 para capacitaci\u00f3n de los productores en buenas pr\u00e1cticas ambientales y producci\u00f3n agroecol\u00f3gica e implementaci\u00f3n de m\u00f3dulos demostrativos de producci\u00f3n agroecol\u00f3gica en predios de 5 productores.<\/p>\n<p>Asimismo, en el mediano plazo (tres a\u00f1os) y con una inversi\u00f3n $30.000.000, el plan pretende lograr, con 30 productores, el desarrollo de equipamiento e instalaci\u00f3n de infraestructura e insumos para producci\u00f3n sustentable; instalaciones de agua segura; mejoras en viviendas rurales de los trabajadores y productores; mejorado en caminos y accesibilidad; provisi\u00f3n de insumos biol\u00f3gicos; y herramientas y maquinarias de trabajo para optimizar la producci\u00f3n agroecol\u00f3gica.<\/p>\n<p>Con el objetivo de desarrollar mano de obra calificada en buenas pr\u00e1cticas y producci\u00f3n agroecol\u00f3gica, la Direcci\u00f3n General de Empleo de la Secretar\u00eda de Producci\u00f3n desarrollar\u00e1 programas de formaci\u00f3n espec\u00edficos en estas tem\u00e1ticas.<\/p>\n<p>Los interesados en esta formaci\u00f3n pueden contactarse mediante el correo electr\u00f3nico empleo@rosario.gov.ar.<\/p>\n<h6>Fuente: La Capital Rosario<\/h6>\n","protected":false},"excerpt":{"rendered":"<p>La intendenta present\u00f3 ayer un proyecto que tiene por objetivo fortalecer a los agricultores urbanos de Rosario<\/p>\n","protected":false},"author":2,"featured_media":51228,"comment_status":"closed","ping_status":"closed","sticky":false,"template":"","format":"standard","meta":{"footnotes":""},"categories":[2],"tags":[10],"class_list":["post-51227","post","type-post","status-publish","format-standard","has-post-thumbnail","hentry","category-informe-municipal","tag-santa-fe"],"_links":{"self":[{"href":"http:\/\/argentinamunicipal.com.ar\/argentina\/wp-json\/wp\/v2\/posts\/51227","targetHints":{"allow":["GET"]}}],"collection":[{"href":"http:\/\/argentinamunicipal.com.ar\/argentina\/wp-json\/wp\/v2\/posts"}],"about":[{"href":"http:\/\/argentinamunicipal.com.ar\/argentina\/wp-json\/wp\/v2\/types\/post"}],"author":[{"embeddable":true,"href":"http:\/\/argentinamunicipal.com.ar\/argentina\/wp-json\/wp\/v2\/users\/2"}],"replies":[{"embeddable":true,"href":"http:\/\/argentinamunicipal.com.ar\/argentina\/wp-json\/wp\/v2\/comments?post=51227"}],"version-history":[{"count":0,"href":"http:\/\/argentinamunicipal.com.ar\/argentina\/wp-json\/wp\/v2\/posts\/51227\/revisions"}],"wp:featuredmedia":[{"embeddable":true,"href":"http:\/\/argentinamunicipal.com.ar\/argentina\/wp-json\/wp\/v2\/media\/51228"}],"wp:attachment":[{"href":"http:\/\/argentinamunicipal.com.ar\/argentina\/wp-json\/wp\/v2\/media?parent=51227"}],"wp:term":[{"taxonomy":"category","embeddable":true,"href":"http:\/\/argentinamunicipal.com.ar\/argentina\/wp-json\/wp\/v2\/categories?post=51227"},{"taxonomy":"post_tag","embeddable":true,"href":"http:\/\/argentinamunicipal.com.ar\/argentina\/wp-json\/wp\/v2\/tags?post=51227"}],"curies":[{"name":"wp","href":"https:\/\/api.w.org\/{rel}","templated":true}]}}