{"id":51230,"date":"2016-07-22T07:23:37","date_gmt":"2016-07-22T10:23:37","guid":{"rendered":"http:\/\/argentinamunicipal.com.ar\/argentina\/?p=51230"},"modified":"2016-07-22T07:23:37","modified_gmt":"2016-07-22T10:23:37","slug":"municipios-santafesinos-disenaran-planes-urbanos-vision-metropolitana","status":"publish","type":"post","link":"http:\/\/argentinamunicipal.com.ar\/argentina\/municipios-santafesinos-disenaran-planes-urbanos-vision-metropolitana\/","title":{"rendered":"Municipios santafesinos dise\u00f1ar\u00e1n planes urbanos con visi\u00f3n metropolitana"},"content":{"rendered":"<p>Ayer se present\u00f3 un programa que financiar\u00e1 proyectos en 13 localidades, pero integrados al Gran Rosario<\/p>\n<p>\u00abLo que hoy es planificaci\u00f3n, ma\u00f1ana se traduce en obras y proyectos concretos, como ya lo es la Gesti\u00f3n Integral de Residuos S\u00f3lidos Urbanos, en Villa Gobernador G\u00e1lvez, y como lo ser\u00e1n la nueva ruta 21 hacia el sur y la extensi\u00f3n del Metrob\u00fas hacia las ciudades del norte de Rosario\u00bb. Con estas palabras, la directora de Metropolitana, Mirta Levin, busc\u00f3 bajar al llano el programa que se lanz\u00f3 ayer en Rosario, el que, con un financiamiento de 7 millones de pesos, busca que 13 municipios y comunas armen sus propios planes urbanos pero con la vista puesta en un desarrollo regional que los contenga.<\/p>\n<p>El programa lleva el nombre de \u00ab26 estrategias locales\u00bb, en referencia a la cantidad de municipios y comunas que conforman el \u00e1rea metropolitana de Rosario, aunque 22 de ellas forman parte del Ente de Coordinaci\u00f3n Metropolitana (Ecom), que ejecuta el plan. Estas 13 localidades que forman parte de la primera parte del programa deber\u00e1n desarrollar estrategias de desarrollo urbano integradas a un plan metropolitano en cuestiones como el ordenamiento del suelo, extensi\u00f3n de las plantas urbanas, protecci\u00f3n del paisaje y patrimonio construido, movilidad y conectividad, espacios para la producci\u00f3n y servicios, provisi\u00f3n de infraestructura y ambiente.<\/p>\n<p>La presidenta del Ecom e intendenta de Rosario, M\u00f3nica Fein, fue la encargada de presidir ayer el lanzamiento de esta nueva instancia. Flanqueada por el subsecretario de Ejecuci\u00f3n de Proyectos de Inversi\u00f3n de Santa Fe, Hugo Rosti, la coordinadora del programa nacional de Desarrollo de Areas Metropolitanas del Interior (Dami), Soledad Iglesias, y la propia Levin, Fein explic\u00f3 que la intenci\u00f3n es \u00abtrabajar entre municipios y comunas y crear junto con Metropolitana, que es el instrumento t\u00e9cnico del Ecom, distintos proyectos urbanos\u00bb que se ensamblen, coordinen e integren a un \u00e1rea mayor que las contiene.<\/p>\n<p>En la misma mesa estaban la mayor\u00eda de los representantes de las localidades intervinientes: Villa Gobernador G\u00e1lvez, Alvear, Pueblo Esther, General Lagos, Arroyo Seco, Fighiera, Granadero Baigorria, Capit\u00e1n Berm\u00fadez, San Lorenzo, Ibarlucea, P\u00e9rez, Soldini y Alvarez.<\/p>\n<p>A su turno, Levin explic\u00f3 que el programa \u00abnos ayuda a generar la redacci\u00f3n de los planes urbanos\u00bb, y dijo que \u00abtodo proceso de planificaci\u00f3n tiene sentido si se materializa en acciones precisas. Lo que hoy se inicia con planificaci\u00f3n, ma\u00f1ana se ve en la ejecuci\u00f3n de obras concretas\u00bb.<\/p>\n<p>Respecto del financiamiento, se concretar\u00e1 con aportes de la provincia a trav\u00e9s del Programa Municipal de Inversiones y el Ministerio del Interior de la Naci\u00f3n, en el marco del Dami, con un pr\u00e9stamo del Banco Interamericano de Desarrollo. La primera fase se desarrollar\u00e1 en 12 meses y se invertir\u00e1n unos 7 millones de pesos. El plan contar\u00e1 con la colaboraci\u00f3n de organismos como el Conicet, el Inta, la Universidad Nacional de Rosario y colegios de Arquitectos.<\/p>\n<p>Como parte interesada, el intendente de Villa Gobernador G\u00e1lvez, Alberto Ricci, valor\u00f3 la iniciativa y record\u00f3 que la ciudad que gobierna \u00abnunca cont\u00f3 con un plan urbano\u00bb. Ricci explic\u00f3 que en una primera instancia se har\u00e1 un relevamiento con las instituciones de la ciudad, pero que la intenci\u00f3n es relocalizar zonas industriales, establecer \u00e1reas urbanas y replantear los servicios\u00bb.<\/p>\n<h6>Fuente: La capital Rosario<\/h6>\n","protected":false},"excerpt":{"rendered":"<p>Ayer se present\u00f3 un programa que financiar\u00e1 proyectos en 13 localidades, pero integrados al Gran Rosario<\/p>\n","protected":false},"author":2,"featured_media":51231,"comment_status":"closed","ping_status":"closed","sticky":false,"template":"","format":"standard","meta":{"footnotes":""},"categories":[2],"tags":[10],"class_list":["post-51230","post","type-post","status-publish","format-standard","has-post-thumbnail","hentry","category-informe-municipal","tag-santa-fe"],"_links":{"self":[{"href":"http:\/\/argentinamunicipal.com.ar\/argentina\/wp-json\/wp\/v2\/posts\/51230","targetHints":{"allow":["GET"]}}],"collection":[{"href":"http:\/\/argentinamunicipal.com.ar\/argentina\/wp-json\/wp\/v2\/posts"}],"about":[{"href":"http:\/\/argentinamunicipal.com.ar\/argentina\/wp-json\/wp\/v2\/types\/post"}],"author":[{"embeddable":true,"href":"http:\/\/argentinamunicipal.com.ar\/argentina\/wp-json\/wp\/v2\/users\/2"}],"replies":[{"embeddable":true,"href":"http:\/\/argentinamunicipal.com.ar\/argentina\/wp-json\/wp\/v2\/comments?post=51230"}],"version-history":[{"count":0,"href":"http:\/\/argentinamunicipal.com.ar\/argentina\/wp-json\/wp\/v2\/posts\/51230\/revisions"}],"wp:featuredmedia":[{"embeddable":true,"href":"http:\/\/argentinamunicipal.com.ar\/argentina\/wp-json\/wp\/v2\/media\/51231"}],"wp:attachment":[{"href":"http:\/\/argentinamunicipal.com.ar\/argentina\/wp-json\/wp\/v2\/media?parent=51230"}],"wp:term":[{"taxonomy":"category","embeddable":true,"href":"http:\/\/argentinamunicipal.com.ar\/argentina\/wp-json\/wp\/v2\/categories?post=51230"},{"taxonomy":"post_tag","embeddable":true,"href":"http:\/\/argentinamunicipal.com.ar\/argentina\/wp-json\/wp\/v2\/tags?post=51230"}],"curies":[{"name":"wp","href":"https:\/\/api.w.org\/{rel}","templated":true}]}}