{"id":51233,"date":"2016-07-22T07:29:23","date_gmt":"2016-07-22T10:29:23","guid":{"rendered":"http:\/\/argentinamunicipal.com.ar\/argentina\/?p=51233"},"modified":"2016-07-22T07:29:23","modified_gmt":"2016-07-22T10:29:23","slug":"los-jefes-sindicales-ratifican-triunvirato-conducira-la-cgt","status":"publish","type":"post","link":"http:\/\/argentinamunicipal.com.ar\/argentina\/los-jefes-sindicales-ratifican-triunvirato-conducira-la-cgt\/","title":{"rendered":"Los jefes sindicales ratifican que un triunvirato conducir\u00e1 la CGT"},"content":{"rendered":"<p>Schmid, Daer y Acu\u00f1a asumir\u00edan el 22 de agosto. Hay sectores que se oponen. Postergan la difusi\u00f3n de un cr\u00edtico documento contra Macri<\/p>\n<p>Los referentes de las tres CGT ratificaron ayer el proceso de unificaci\u00f3n de la central obrera y la propuesta de conformar un triunvirato para conducirla. Ese directorio estar\u00eda integrado por Juan Carlos Schmid, H\u00e9ctor Daer y Carlos Acu\u00f1a y asumir\u00eda durante el congreso programado para el 22 de agosto pr\u00f3ximo. El 5 de agosto, en tanto, habr\u00e1 un plenario de secretarios generales. Reci\u00e9n en esa fecha se difundir\u00e1 un documento cr\u00edtico contra el gobierno nacional, algunos de cuyos puntos ya trascendieron.<\/p>\n<p>Durante una reuni\u00f3n realizada ayer, los l\u00edderes sindicales hicieron una demostraci\u00f3n de fuerza a otros sectores cegetistas que rechazan la idea de un triunvirato o bien buscan un lugar m\u00e1s en la conducci\u00f3n y que se conforme un \u00abcuarteto\u00bb.<\/p>\n<p>Del encuentro participaron los jefes cegetistas Hugo Moyano (Azopardo) y Antonio Cal\u00f3 (Alsina), mientras que Luis Barrionuevo (Azul y Blanca) no pudo asistir por un problema de salud pero envi\u00f3 a dirigentes suyos.<\/p>\n<p>En cambio, las facciones que desaf\u00edan este triunvirato y buscan colocar a un hombre propio en la conducci\u00f3n no participaron del encuentro, como el sector del Masa (Movimiento de Acci\u00f3n Sindical) que lidera el taxista Omar Viviani e impulsa como candidato a Sergio Sasia (Uni\u00f3n Ferroviaria); el bancario Sergio Palazzo y el ruralista Ger\u00f3nimo Momo Venegas, quien representa a un sector moyanista que se resiste a la postulaci\u00f3n de Schmid.<\/p>\n<p>\u00abNo podemos tener una conducci\u00f3n de cinco o seis compa\u00f1eros o una indeterminada cantidad de secretarios generales\u00bb, plante\u00f3 H\u00e9ctor Daer tras la cumbre.<\/p>\n<p>Daer, Schmid y Acu\u00f1a fueron los encargados de hablar con la prensa al t\u00e9rmino de la reuni\u00f3n, lo que signific\u00f3 un claro mensaje de que el preacuerdo entre las tres CGT para que esos hombres constituyan el triunvirato no ser\u00e1 modificado pese a las quejas de los sectores que proponen sumar a otros dirigentes.<\/p>\n<p>Uno de los futuros integrantes del triunvirato incluso rechaz\u00f3 la posibilidad de agregar una silla m\u00e1s a la conducci\u00f3n para disminuir las tensiones internas: \u00abYa tres dirigentes es mucho, claro que lo ideal es que haya un solo secretario general, pero hay compa\u00f1eros que tiene que entender que tenemos que ir a lo posible, no a lo ideal\u00bb.<\/p>\n<p>En cuanto al documento cr\u00edtico sobre el gobierno, Daer ratific\u00f3 que se \u00abest\u00e1 trabajando en un borrador\u00bb pero se\u00f1al\u00f3 que ser\u00e1 difundido durante el plenario del 5 de agosto, antesala del congreso del 22 del mismo mes en el que la CGT definir\u00e1 y presentar\u00e1 en p\u00fablico la nueva conducci\u00f3n de la central reunificada, despu\u00e9s de varios a\u00f1os de divisiones y enfrentamientos internos.<\/p>\n<p>El mi\u00e9rcoles se hab\u00edan filtrado algunos p\u00e1rrafos del escrito de la CGT, que conten\u00eda duros cuestionamientos al gobierno. Se\u00f1alaba que, a siete meses de la asunci\u00f3n de Mauricio Macri, el pa\u00eds atraviesa una \u00abcrisis social\u00bb por el \u00abaumento indiscriminado de precios de la canasta familiar\u00bb.<\/p>\n<p>Adem\u00e1s, en el documento se deslizaba la posibilidad de convocar al primer paro nacional de este ciclo para evitar que \u00abla crisis siga derrumbando puestos de trabajo, salarios y derechos adquiridos\u00bb.<\/p>\n<p>No obstante, uno de los principales dirigentes cegetistas desestim\u00f3 la posibilidad de hacer un paro en pleno proceso de reunificaci\u00f3n. S\u00ed estim\u00f3 que la huelga podr\u00eda realizarse cerca de fin de a\u00f1o si no hay un cambio de rumbo en las pol\u00edticas del gobierno nacional.<\/p>\n<h6>Fuente: La capital Rosario<\/h6>\n","protected":false},"excerpt":{"rendered":"<p>Schmid, Daer y Acu\u00f1a asumir\u00edan el 22 de agosto. Hay sectores que se oponen. Postergan la difusi\u00f3n de un cr\u00edtico documento contra Macri<\/p>\n","protected":false},"author":2,"featured_media":51234,"comment_status":"closed","ping_status":"closed","sticky":false,"template":"","format":"standard","meta":{"footnotes":""},"categories":[8],"tags":[21],"class_list":["post-51233","post","type-post","status-publish","format-standard","has-post-thumbnail","hentry","category-informe-nacional","tag-argentina"],"_links":{"self":[{"href":"http:\/\/argentinamunicipal.com.ar\/argentina\/wp-json\/wp\/v2\/posts\/51233","targetHints":{"allow":["GET"]}}],"collection":[{"href":"http:\/\/argentinamunicipal.com.ar\/argentina\/wp-json\/wp\/v2\/posts"}],"about":[{"href":"http:\/\/argentinamunicipal.com.ar\/argentina\/wp-json\/wp\/v2\/types\/post"}],"author":[{"embeddable":true,"href":"http:\/\/argentinamunicipal.com.ar\/argentina\/wp-json\/wp\/v2\/users\/2"}],"replies":[{"embeddable":true,"href":"http:\/\/argentinamunicipal.com.ar\/argentina\/wp-json\/wp\/v2\/comments?post=51233"}],"version-history":[{"count":0,"href":"http:\/\/argentinamunicipal.com.ar\/argentina\/wp-json\/wp\/v2\/posts\/51233\/revisions"}],"wp:featuredmedia":[{"embeddable":true,"href":"http:\/\/argentinamunicipal.com.ar\/argentina\/wp-json\/wp\/v2\/media\/51234"}],"wp:attachment":[{"href":"http:\/\/argentinamunicipal.com.ar\/argentina\/wp-json\/wp\/v2\/media?parent=51233"}],"wp:term":[{"taxonomy":"category","embeddable":true,"href":"http:\/\/argentinamunicipal.com.ar\/argentina\/wp-json\/wp\/v2\/categories?post=51233"},{"taxonomy":"post_tag","embeddable":true,"href":"http:\/\/argentinamunicipal.com.ar\/argentina\/wp-json\/wp\/v2\/tags?post=51233"}],"curies":[{"name":"wp","href":"https:\/\/api.w.org\/{rel}","templated":true}]}}