{"id":51245,"date":"2016-07-22T06:00:44","date_gmt":"2016-07-22T09:00:44","guid":{"rendered":"http:\/\/argentinamunicipal.com.ar\/argentina\/?p=51245"},"modified":"2016-07-22T07:46:04","modified_gmt":"2016-07-22T10:46:04","slug":"una-grieta-se-mas-profunda","status":"publish","type":"post","link":"http:\/\/argentinamunicipal.com.ar\/argentina\/una-grieta-se-mas-profunda\/","title":{"rendered":"Una grieta que se hace m\u00e1s profunda"},"content":{"rendered":"<p>En respuesta a los dichos de Lifschitz, el Presidente reiter\u00f3 su cr\u00edtica por la supuesta falta de \u201ctrabajo en equipo\u201d de los socialistas. \u201cMacri deber\u00eda plantearse por qu\u00e9 no le paga a Santa Fe lo que a todas las provincias\u201d, le retruc\u00f3 Binner.<\/p>\n<p>Decidido a meter una cu\u00f1a en la pol\u00edtica santafesina, el presidente Mauricio Macri volvi\u00f3 a criticar al gobernador socialista, Miguel Lifschitz. \u201cPor ah\u00ed se quedaron con el chip de su relaci\u00f3n con el kirchnerismo, el gobernador es de los que m\u00e1s le cuesta trabajar en equipo\u201d, sostuvo ayer Macri, reiterando sus cuestionamientos al partido que lidera el diputado Hermes Binner. Ayer mismo, el ex gobernador y titular del PS tambi\u00e9n se meti\u00f3 en la pelea y le record\u00f3 las demoras en el env\u00edo de fondos: \u201cMacri deber\u00eda plantearse por qu\u00e9 no le paga a Santa Fe lo que a todas las provincias\u201d. De esta manera, se profundiza el enfrentamiento entre el PRO y el PS y crecen las contradicciones al interior de la UCR, que comparte a nivel nacional la alianza con el macrismo y a nivel local con el socialismo.<\/p>\n<p>Las declaraciones de ayer de Macri llegan luego de los dichos de Lifschitz del mi\u00e9rcoles, quien a su vez le hab\u00eda respondido al Presidente por sus cuestionamientos a su supuesta \u201cfalta de colaboraci\u00f3n\u201d con la Naci\u00f3n. El gobernador y ex intendente de Rosario rechaz\u00f3 esas acusaciones y replic\u00f3 que se deben a una cuesti\u00f3n pol\u00edtica. \u201cLe molesta la existencia del Frente Progresista\u201d, dijo y agreg\u00f3 que las palabras de Macri fueron \u201cuna expresi\u00f3n desafortunada, fuera de la realidad, una de las tantas que viene teniendo el Presidente\u201d.<\/p>\n<p>Lejos de bajar el tono, Macri ayer insisti\u00f3 con su planteo. \u201cEl gobierno de la provincia en lugar de querer trabajar en equipo, lo \u00fanico que escucho cuando habla alg\u00fan responsable del gobierno es que todas las cosas que les pasan y que tienen que ver con su gesti\u00f3n, hasta un camino rural, es responsabilidad de la Naci\u00f3n\u201d, remat\u00f3 el Presidente.<\/p>\n<p>Ayer lleg\u00f3 la respuesta de Binner: \u201cDescalificar a un gobernador es un hecho disparatado\u201d, afirm\u00f3 el ex mandatario y se\u00f1al\u00f3 que ve a Macri \u201ccon muchas improvisaciones\u201d. De todas maneras, consider\u00f3 que \u201ctiene que tener su tiempo para asentarse en el gobierno\u201d.<\/p>\n<p>\u201cEs una dura realidad que creo tiene que ver con la forma de ver la pol\u00edtica que tiene el socialismo. Yo creo en la pol\u00edtica en donde cada uno defiende sus ideas y la gente elige, pero al d\u00eda siguiente hay que trabajar todos juntos porque la gente quiere vivir mejor y no le importa si el gobernador es de un signo, el intendente de otro y el presidente de otro\u201d, sostuvo ayer Macri, pese a que en un informe reciente del ministerio del Interior revel\u00f3 que las provincias de Cambiemos fueron beneficiadas con el reparto de recursos nacionales. Los cinco distritos gobernados por el oficialismo concentraron el 43 por ciento de los fondos mientras que los 19 restantes recibieron el resto.<\/p>\n<p>Desde el radicalismo, el intendente de Santa Fe y presidente Comit\u00e9 Nacional, Jos\u00e9 Corral, intent\u00f3 hacer un equilibrio, con el ojo ya puesto en su pelea por la gobernaci\u00f3n en 2019. Colocado en la compleja situaci\u00f3n de representar la alianza a nivel nacional con el macrismo y a nivel local con el socialismo, Corral se inclin\u00f3 por un discurso similar al del PRO, aunque sin confrontar con sus socios locales. \u201cLa provincia de Santa Fe fue muy discriminada durante el kirchnerismo. Esta situaci\u00f3n nos hizo sufrir mucho. Pienso que hay que aprovechar el nuevo clima pol\u00edtico que hay en el pa\u00eds. Para esto, hay que construir relaciones de confianza y aceitar los equipos. Esto es un aprendizaje que tenemos que hacer todos\u201d, se\u00f1al\u00f3 Corral en medio de la disputa.<\/p>\n<h6>Fuente: P\u00e1gina 12<\/h6>\n","protected":false},"excerpt":{"rendered":"<p>En respuesta a los dichos de Lifschitz, el Presidente reiter\u00f3 su cr\u00edtica por la supuesta falta de \u201ctrabajo en equipo\u201d de los socialistas. \u201cMacri deber\u00eda plantearse por qu\u00e9 no le paga a Santa Fe lo que a todas las provincias\u201d, le retruc\u00f3 Binner.<\/p>\n","protected":false},"author":2,"featured_media":51246,"comment_status":"closed","ping_status":"closed","sticky":false,"template":"","format":"standard","meta":{"footnotes":""},"categories":[65],"tags":[10],"class_list":["post-51245","post","type-post","status-publish","format-standard","has-post-thumbnail","hentry","category-provincias","tag-santa-fe"],"_links":{"self":[{"href":"http:\/\/argentinamunicipal.com.ar\/argentina\/wp-json\/wp\/v2\/posts\/51245","targetHints":{"allow":["GET"]}}],"collection":[{"href":"http:\/\/argentinamunicipal.com.ar\/argentina\/wp-json\/wp\/v2\/posts"}],"about":[{"href":"http:\/\/argentinamunicipal.com.ar\/argentina\/wp-json\/wp\/v2\/types\/post"}],"author":[{"embeddable":true,"href":"http:\/\/argentinamunicipal.com.ar\/argentina\/wp-json\/wp\/v2\/users\/2"}],"replies":[{"embeddable":true,"href":"http:\/\/argentinamunicipal.com.ar\/argentina\/wp-json\/wp\/v2\/comments?post=51245"}],"version-history":[{"count":0,"href":"http:\/\/argentinamunicipal.com.ar\/argentina\/wp-json\/wp\/v2\/posts\/51245\/revisions"}],"wp:featuredmedia":[{"embeddable":true,"href":"http:\/\/argentinamunicipal.com.ar\/argentina\/wp-json\/wp\/v2\/media\/51246"}],"wp:attachment":[{"href":"http:\/\/argentinamunicipal.com.ar\/argentina\/wp-json\/wp\/v2\/media?parent=51245"}],"wp:term":[{"taxonomy":"category","embeddable":true,"href":"http:\/\/argentinamunicipal.com.ar\/argentina\/wp-json\/wp\/v2\/categories?post=51245"},{"taxonomy":"post_tag","embeddable":true,"href":"http:\/\/argentinamunicipal.com.ar\/argentina\/wp-json\/wp\/v2\/tags?post=51245"}],"curies":[{"name":"wp","href":"https:\/\/api.w.org\/{rel}","templated":true}]}}