{"id":51312,"date":"2016-07-25T07:39:33","date_gmt":"2016-07-25T10:39:33","guid":{"rendered":"http:\/\/argentinamunicipal.com.ar\/argentina\/?p=51312"},"modified":"2016-07-25T07:39:33","modified_gmt":"2016-07-25T10:39:33","slug":"nacion-municipio-rosario-avanzan-puerto-norte","status":"publish","type":"post","link":"http:\/\/argentinamunicipal.com.ar\/argentina\/nacion-municipio-rosario-avanzan-puerto-norte\/","title":{"rendered":"Naci\u00f3n y municipio de Rosario avanzan en Puerto Norte"},"content":{"rendered":"<p>Firmaron un convenio para definir los usos urban\u00edsticos y relocalizar a 70 familias que viven en el sector de Francia entre Caseros y Jun\u00edn<\/p>\n<p>La Agencia de Administraci\u00f3n de Bienes del Estado (Aabe) y la Municipalidad de Rosario se pusieron de acuerdo y avanzar\u00e1n en los usos de los terrenos de Puerto Norte, donde hoy existe un asentamiento en el que viven 70 familias.<\/p>\n<p>El objetivo consiste en armar un plan con los detalles t\u00e9cnicos orientados a hacer emprendimientos inmobiliarios, destinar amplias zonas de parque y definir el traslado y la construcci\u00f3n de viviendas para los actuales habitantes de la zona.<\/p>\n<p>Se trata de un acuerdo que contempla la urbanizaci\u00f3n de los terrenos ubicados en la denominada Unidad de Gesti\u00f3n N\u00ba 3 (Francia entre Caseros y Jun\u00edn) dentro del barrio m\u00e1s nuevo de la ciudad. El documento fue rubricado por Ram\u00f3n Lan\u00fas, presidente de la Aabe y la intendenta M\u00f3nica Fein.<\/p>\n<p>En este sentido, el titular del bloque de concejales de Uni\u00f3n PRO, Alejandro Rossell\u00f3, explic\u00f3 que \u00aba partir de la buena predisposici\u00f3n de las autoridades federales se posibilit\u00f3 la firma de este convenio, que tiene como meta la reconversi\u00f3n de tierras aptas para urbanizar y que pertenecen al Estado nacional\u00bb.<\/p>\n<p>Ahora, las partes deber\u00e1n trabajar de manera coordinada, \u00abpara delinear las normas bajo las cuales se va a llevar adelante la reconversi\u00f3n urban\u00edstica, siempre en relaci\u00f3n a la reglamentaci\u00f3n del sistema de espacios p\u00fablicos ya existente en el \u00e1rea\u00bb, continu\u00f3 el edil en di\u00e1logo con La Capital. En efecto, ya se han presentado iniciativas en el Palacio Vasallo que se direccionan en este sentido. Una de ellas pertenece al edil Mart\u00edn Ros\u00faa y fue acompa\u00f1ada por el propio Rossell\u00f3.<\/p>\n<p>El referente de Uni\u00f3n PRO insisti\u00f3 en que, si bien el espacio pertenece a la Naci\u00f3n, los indicadores deber\u00e1n fijarse en el municipio. Y calcul\u00f3: \u00abAl licitar parte de las tierras para la posterior construcci\u00f3n de unidades habitacionales, se podr\u00edan obtener fondos para hacer 150 viviendas sociales. As\u00ed podr\u00edamos relocalizar a las 70 familias de la zona y sumar a otros ciudadanos a esta posibilidad\u00bb.<\/p>\n<p>Es que resolver el futuro de las personas que habitan el predio es \u00abprioritario\u00bb, al decir del referente del cuerpo. \u00abA esas familias queremos transmitirles el compromiso de trabajar en forma coordinada, en pos de brindarles una soluci\u00f3n habitacional que les garantice vivir en mejores condiciones\u00bb, expres\u00f3 Rossell\u00f3.<\/p>\n<p>En funci\u00f3n de los usos que se le podr\u00edan otorgar al espacio, la idea ser\u00eda imitar lo que ya ocurri\u00f3 con las otras unidades de gesti\u00f3n. \u00abDe todos maneras, ya est\u00e1 claro que ahora habr\u00e1 que ponerse a trabajar en funci\u00f3n de los lineamientos que contemplan no s\u00f3lo aprovechar el espacio, sino resolver la cuesti\u00f3n social incluyendo a las familias y la planta de Trechel, que tambi\u00e9n se encuentra en la zona\u00bb, destac\u00f3 Rossell\u00f3 antes de marcar que la resoluci\u00f3n de la cuesti\u00f3n traer\u00e1 beneficios directos e indirectos.<\/p>\n<p>\u00abUna vez desarrollados los instrumentos normativos que determinen el uso de dicho espacio e impulsen un proceso equilibrado que pueda brindar soluciones reales, quedar\u00e1n plasmados en un plan de detalle que se elevar\u00e1 al Concejo Municipal para su aprobaci\u00f3n\u00bb, dijo el concejal y cerr\u00f3: \u00abEstos terrenos abandonados representaban un problema para la ciudad de Rosario. Sabemos que hay un proceso judicial que deber\u00e1 resolverse para poder llevar adelante la implementaci\u00f3n del plan urban\u00edstico. Sin embargo, la firma de este convenio es un paso adelante para comenzar a destrabar el conflicto\u00bb.<\/p>\n<h6>Fuente: La capital Rosario<\/h6>\n","protected":false},"excerpt":{"rendered":"<p>Firmaron un convenio para definir los usos urban\u00edsticos y relocalizar a 70 familias que viven en el sector de Francia entre Caseros y Jun\u00edn<\/p>\n","protected":false},"author":2,"featured_media":51313,"comment_status":"closed","ping_status":"closed","sticky":false,"template":"","format":"standard","meta":{"footnotes":""},"categories":[2],"tags":[10],"class_list":["post-51312","post","type-post","status-publish","format-standard","has-post-thumbnail","hentry","category-informe-municipal","tag-santa-fe"],"_links":{"self":[{"href":"http:\/\/argentinamunicipal.com.ar\/argentina\/wp-json\/wp\/v2\/posts\/51312","targetHints":{"allow":["GET"]}}],"collection":[{"href":"http:\/\/argentinamunicipal.com.ar\/argentina\/wp-json\/wp\/v2\/posts"}],"about":[{"href":"http:\/\/argentinamunicipal.com.ar\/argentina\/wp-json\/wp\/v2\/types\/post"}],"author":[{"embeddable":true,"href":"http:\/\/argentinamunicipal.com.ar\/argentina\/wp-json\/wp\/v2\/users\/2"}],"replies":[{"embeddable":true,"href":"http:\/\/argentinamunicipal.com.ar\/argentina\/wp-json\/wp\/v2\/comments?post=51312"}],"version-history":[{"count":0,"href":"http:\/\/argentinamunicipal.com.ar\/argentina\/wp-json\/wp\/v2\/posts\/51312\/revisions"}],"wp:featuredmedia":[{"embeddable":true,"href":"http:\/\/argentinamunicipal.com.ar\/argentina\/wp-json\/wp\/v2\/media\/51313"}],"wp:attachment":[{"href":"http:\/\/argentinamunicipal.com.ar\/argentina\/wp-json\/wp\/v2\/media?parent=51312"}],"wp:term":[{"taxonomy":"category","embeddable":true,"href":"http:\/\/argentinamunicipal.com.ar\/argentina\/wp-json\/wp\/v2\/categories?post=51312"},{"taxonomy":"post_tag","embeddable":true,"href":"http:\/\/argentinamunicipal.com.ar\/argentina\/wp-json\/wp\/v2\/tags?post=51312"}],"curies":[{"name":"wp","href":"https:\/\/api.w.org\/{rel}","templated":true}]}}