{"id":5135,"date":"2014-03-29T21:23:50","date_gmt":"2014-03-30T00:23:50","guid":{"rendered":"http:\/\/argentinamunicipal.com.ar\/argentina\/?p=5135"},"modified":"2014-03-29T21:25:37","modified_gmt":"2014-03-30T00:25:37","slug":"ex-limpiavidrios-de-la-ciudad-de-santa-fe-le-lavaron-la-cara-a-la-avenida-penaloza","status":"publish","type":"post","link":"http:\/\/argentinamunicipal.com.ar\/argentina\/ex-limpiavidrios-de-la-ciudad-de-santa-fe-le-lavaron-la-cara-a-la-avenida-penaloza\/","title":{"rendered":"Ex limpiavidrios de la ciudad de Santa Fe le lavaron la cara a una avenida"},"content":{"rendered":"<div id=\"attachment_5136\" style=\"width: 771px\" class=\"wp-caption aligncenter\"><a href=\"http:\/\/argentinamunicipal.com.ar\/argentina\/wp-content\/uploads\/2014\/03\/pexaloza2.jpg_2069580699.jpg\"><img loading=\"lazy\" decoding=\"async\" aria-describedby=\"caption-attachment-5136\" class=\"size-full wp-image-5136\" alt=\"Manos a la obra. As\u00ed trabajaban los chicos en la pintura de las columnas.\" src=\"http:\/\/argentinamunicipal.com.ar\/argentina\/wp-content\/uploads\/2014\/03\/pexaloza2.jpg_2069580699.jpg\" width=\"761\" height=\"507\" srcset=\"http:\/\/argentinamunicipal.com.ar\/argentina\/wp-content\/uploads\/2014\/03\/pexaloza2.jpg_2069580699.jpg 761w, http:\/\/argentinamunicipal.com.ar\/argentina\/wp-content\/uploads\/2014\/03\/pexaloza2.jpg_2069580699-300x199.jpg 300w\" sizes=\"auto, (max-width: 761px) 100vw, 761px\" \/><\/a><p id=\"caption-attachment-5136\" class=\"wp-caption-text\">Manos a la obra. As\u00ed trabajaban los chicos en la pintura de las columnas.<\/p><\/div>\n<p>En el marco del programa \u201cCalles seguras\u201d, los j\u00f3venes realizaron tareas de limpieza y pintado de las columnas de luz en el cantero central de esa arteria.<\/p>\n<p>Luego de las elecciones del a\u00f1o pasado, varios sectores de la ciudad fueron castigados por las pegatinas de publicidad pol\u00edtica que tapizaron las columnas de luz de las avenidas y las paredes de los barrios. Fue entonces la necesidad de los vecinos de recuperar los espacios p\u00fablicos, lo que hoy da trabajo a los j\u00f3venes que dejaron de ser limpiavidrios y que se encuentran en el programa municipal \u201cCalles Seguras\u201d.<\/p>\n<p>La Avenida Pe\u00f1aloza, conocida por ser la \u201cavenida del medio ambiente\u201d, parad\u00f3jicamente fue una de las m\u00e1s afectadas por las pegatinas que dej\u00f3 la publicidad electoral. Ante esto, los comerciantes que en \u00e9pocas de elecciones salieron a limpiar el cantero central, hoy siguen apostando a mejorar la vista de la zona.<\/p>\n<p>De esta manera, desde la Asociaci\u00f3n de Comerciantes, Industriales, Profesionales y amigos de Avenida Pe\u00f1aloza, en conjunto con el municipio de la ciudad coordinaron los trabajos de mantenimiento de la arteria del norte santafesino. A trav\u00e9s del programa \u201cCalles Seguras: infancia y juventudes protegidas\u201d, dependiente de la Secretar\u00eda de Desarrollo Social, son los chicos que realizaban la tarea de limpiavidrios en las calles de Santa Fe, los que desarrollaron las tareas de limpieza y pintado de los postes de luz.<\/p>\n<p>\u201cLa experiencia fue muy buena con los chicos, trabajaron muy bien. Es una posibilidad que les dan para salir de la calle y poder hacer algo \u00fatil y aprender as\u00ed un oficio\u201d, dijo a Diario UNO Bruno Pettin\u00e1, presidente de la Asociaci\u00f3n de Comerciantes de Pe\u00f1aloza.<\/p>\n<p>La primera etapa de trabajo culmin\u00f3 hace 15 d\u00edas. Durante ese per\u00edodo, los j\u00f3venes que dejaron de ser limpiavidrios y que participan del programa, se encargaron de realizar la limpieza, remoci\u00f3n de pegatinas y pintado de las bases y columnas de luces de la avenida. \u201cAhora queremos pintar cordones, arreglar garitas de colectivos y que se contin\u00fae con el mantenimiento de los m\u00e1s de 400 \u00e1rboles plantados en Pe\u00f1aloza. Esperamos as\u00ed seguir trabajando con ellos, porque realmente la ayuda es muy grande. La avenida estaba muy deteriorada y el cambio fue abismal\u201d. Desde la Asociaci\u00f3n de Comerciantes aportan las herramientas necesarias, y la Municipalidad convoca y retribuye a los j\u00f3venes por su trabajo.<\/p>\n<p>El programa Calles Seguras es coordinado por la Subsecretar\u00eda de Acci\u00f3n Social y la de Empleo. Su titular, Javier Fern\u00e1ndez, coment\u00f3 que \u201cla iniciativa surgi\u00f3 a trav\u00e9s de la asociaci\u00f3n civil \u00abSanta Fe Nuestro Futuro\u00bb, que tiene relaci\u00f3n con los comerciantes de la avenida\u201d. En este sentido explic\u00f3 que \u201ccuando nace el programa de Calles Seguras, se incorporaron a la asociaci\u00f3n civil estos j\u00f3venes, y conjuntamente se puso en marcha al plan para el mantenimiento de la avenida\u201d.<\/p>\n<p>De esta manera, coment\u00f3 que \u201cla asociaci\u00f3n de comerciantes es la que compra algunos de los elementos y herramientas necesarios para realizar los trabajos\u201d, a fin de \u201carticular los esfuerzos para que el paseo de compras se mejore y as\u00ed ellos tambi\u00e9n colaboran con el trabajo de los chicos con ese aporte\u201d.<\/p>\n<p>\u201cEstamos sacando a los chicos de la calle\u201d, dijo Fern\u00e1ndez. Hoy los ex limpiavidrios se incorporan a un sistema laboral que los \u201cdignifica\u201d. \u201cEst\u00e1n haciendo una actividad donde cumplen un horario, una tarea y se mejoran as\u00ed sus posibilidades, y m\u00e1s a\u00fan con capacitaci\u00f3n\u201d, indic\u00f3. En este sentido coment\u00f3 que hace un mes se lanz\u00f3 para los chicos que participan del programa el curso de \u201cHabilidades de vida\u201d, en conjunto con el Ministerio de Trabajo de la provincia. \u201cUna buena iniciativa para que ellos vayan elaborando un proyecto de vida m\u00e1s a largo plazo. Y en definitiva, que esto sea un primer empleo para que ellos puedan seguir desempe\u00f1\u00e1ndose en distintas actividades\u201d, agreg\u00f3.<\/p>\n<h3>Los vecinos<\/h3>\n<p>Desde la Asociaci\u00f3n de Comerciantes de Pe\u00f1aloza, destacaron el buen desempe\u00f1o de los j\u00f3venes trabajadores. \u201cEl comportamiento de ellos fue muy bueno en la calle. Si hay alg\u00fan problema uno siempre se entera; pero todo lo contrario, el trato con los vecinos fue de respeto y muy positivo\u201d, dijo Bruno Pettin\u00e1.<\/p>\n<p>Por su lado, Fern\u00e1ndez coment\u00f3: \u201cUno por ah\u00ed tiene preconceptos, y la \u00fanica manera de sacarlos es viendo c\u00f3mo los chicos se manejan\u201d. As\u00ed destac\u00f3: \u201cSi uno tiene un trato amable con ellos, y les da tareas para realizar con las que se ganan la vida dignamente, realmente responden y ven la vida desde otra perspectiva\u201d.<\/p>\n<p>Hoy, m\u00e1s de 115 j\u00f3venes dejaron de ser limpiavidrios, para participar de \u201cCalles seguras\u201d. Algunos de ellos se encuentran trabajando en las avenidas, varios en la parte de desmalezado en distintos barrios, en la colocaci\u00f3n de pavimento articulado, y otros est\u00e1n en la parte de cunetas y redes sanitarias.<\/p>\n<h6>Fuente: Diario UNO Santa Fe<\/h6>\n","protected":false},"excerpt":{"rendered":"<p>En el marco del programa \u201cCalles seguras\u201d, los j\u00f3venes realizaron tareas de limpieza y pintado de las columnas de luz en el cantero central de esa arteria. Luego de las elecciones del a\u00f1o pasado, varios sectores de la ciudad fueron castigados por las pegatinas de publicidad pol\u00edtica que tapizaron las columnas de luz de las<\/p>\n","protected":false},"author":1,"featured_media":5136,"comment_status":"closed","ping_status":"closed","sticky":false,"template":"","format":"standard","meta":{"footnotes":""},"categories":[2],"tags":[10],"class_list":["post-5135","post","type-post","status-publish","format-standard","has-post-thumbnail","hentry","category-informe-municipal","tag-santa-fe"],"_links":{"self":[{"href":"http:\/\/argentinamunicipal.com.ar\/argentina\/wp-json\/wp\/v2\/posts\/5135","targetHints":{"allow":["GET"]}}],"collection":[{"href":"http:\/\/argentinamunicipal.com.ar\/argentina\/wp-json\/wp\/v2\/posts"}],"about":[{"href":"http:\/\/argentinamunicipal.com.ar\/argentina\/wp-json\/wp\/v2\/types\/post"}],"author":[{"embeddable":true,"href":"http:\/\/argentinamunicipal.com.ar\/argentina\/wp-json\/wp\/v2\/users\/1"}],"replies":[{"embeddable":true,"href":"http:\/\/argentinamunicipal.com.ar\/argentina\/wp-json\/wp\/v2\/comments?post=5135"}],"version-history":[{"count":0,"href":"http:\/\/argentinamunicipal.com.ar\/argentina\/wp-json\/wp\/v2\/posts\/5135\/revisions"}],"wp:featuredmedia":[{"embeddable":true,"href":"http:\/\/argentinamunicipal.com.ar\/argentina\/wp-json\/wp\/v2\/media\/5136"}],"wp:attachment":[{"href":"http:\/\/argentinamunicipal.com.ar\/argentina\/wp-json\/wp\/v2\/media?parent=5135"}],"wp:term":[{"taxonomy":"category","embeddable":true,"href":"http:\/\/argentinamunicipal.com.ar\/argentina\/wp-json\/wp\/v2\/categories?post=5135"},{"taxonomy":"post_tag","embeddable":true,"href":"http:\/\/argentinamunicipal.com.ar\/argentina\/wp-json\/wp\/v2\/tags?post=5135"}],"curies":[{"name":"wp","href":"https:\/\/api.w.org\/{rel}","templated":true}]}}