{"id":51397,"date":"2016-07-26T07:37:49","date_gmt":"2016-07-26T10:37:49","guid":{"rendered":"http:\/\/argentinamunicipal.com.ar\/argentina\/?p=51397"},"modified":"2016-07-26T07:37:49","modified_gmt":"2016-07-26T10:37:49","slug":"santa-fe-fisfe-maxima-alerta-impacto-las-importaciones","status":"publish","type":"post","link":"http:\/\/argentinamunicipal.com.ar\/argentina\/santa-fe-fisfe-maxima-alerta-impacto-las-importaciones\/","title":{"rendered":"Santa Fe\u00a0y Fisfe, en m\u00e1xima alerta por el impacto de las importaciones"},"content":{"rendered":"<p>La central fabril y el Ministerio de Producci\u00f3n lanzaron un observatorio sobre el ingreso de bienes del exterior. Panorama preocupante.<\/p>\n<p>El Ministerio de Producci\u00f3n de la provincia y la Federaci\u00f3n Industrial de Santa Fe (Fisfe) presentaron ayer el Observatorio de Importaciones. Se trata de una herramienta de an\u00e1lisis y alerta temprana que apoyar\u00e1 la defensa del sector productivo santafesino, amenazado por el ingreso desbordado de mercader\u00eda del exterior.<\/p>\n<p>En el primer semestre del a\u00f1o, los n\u00fameros oficiales dan cuenta de un aumento de las cantidades importadas del 10 por ciento respecto del a\u00f1o pasado. Pero esas cifras, m\u00e1s pesadas en un contexto de ca\u00edda de la actividad econ\u00f3mica y alta inflaci\u00f3n, se muestran m\u00e1s impactantes al interior de cada sector. Se ven incrementos de entre 350 por ciento y m\u00e1s de 1.000 por ciento en muchos casos.<\/p>\n<p>Estos datos acompa\u00f1aron el informe que el director de Comercio Exterior de Santa Fe, Daniel Galaverna, present\u00f3 a representantes de c\u00e1maras industriales y provinciales de a provincia que se reunieron ayer en la sede de Fisfe. Entre los clusters de peso econ\u00f3mico y social en Santa Fe, enumer\u00f3 la metalmec\u00e1nica, golpeado especialmente en el sector de l\u00ednea blanca y carroceros. Tambi\u00e9n el calzado, el mueble, la industria textil, la porcinicultura y la avicultura. Algunos datos: en el primer semestre de 2016 el ingreso de productos de l\u00ednea blanca subi\u00f3 de 16 mil unidades a 61 mil unidades. Hay casos como el de las exhibidoras, con subas del 350 por ciento. La importaci\u00f3n de licuadoras subi\u00f3 de n de 66 mil unidades a 150 mil. La fabricaci\u00f3n de muebles, que en la provincia dan vida a los clusters de Ca\u00f1ada de G\u00f3mez y Esperanza, sufre el impacto de un aumento del 25 por ciento interanual en las importaciones, que llega a 67 por ciento cuando se trata de muebles y dormitorios.<\/p>\n<p>En calzado, la importaci\u00f3n creci\u00f3 35 por ciento. El ingreso de carne de cerdo del exterior aument\u00f3 77 por ciento. En el mismo lapso, subi\u00f3 127 por ciento la entrada de carne de pollo, y de 1.332 por ciento de pollo trozado. Un caso emblem\u00e1tico es la industria carrocera, que vio m\u00e1s que duplicar la importaci\u00f3n. Los importados ya ocupan un tercio de mercado.<\/p>\n<p>En el contacto con los industriales presentes surgieron alertas en otros sectores, todos los cuales articulan densas geograf\u00edas econ\u00f3micas y sociales de Santa Fe. Sorprendi\u00f3 la queja que vino de Las Parejas, capital de la maquinaria agr\u00edcola y supuesta beneficiaria de las medidas que le dieron m\u00e1s rentabilidad al campo. Alertaron sobre la importaci\u00f3n de sembradoras y agropartes.<\/p>\n<p>El presidente de la Federaci\u00f3n Industrial de Santa Fe (Fisfe), Guillermo Moretti, explic\u00f3 que la provincia de Santa Fe fue la primera en reaccionar ante la invasi\u00f3n importadora porque \u00absu actividad industrial es muy variada y conformada por muchas peque\u00f1as y medianas empresas\u00bb. El directivo de la central fabril santafesina y de la Uni\u00f3n Industrial Argentina (UIA) advirti\u00f3 pidi\u00f3 medidas urgentes porque la situaci\u00f3n \u00abse agrava d\u00eda a d\u00eda\u00bb.<\/p>\n<p>El ministro de Producci\u00f3n, Luis Contigiani, explic\u00f3 que en la provincia se recogen tres preocupaciones: la recesi\u00f3n, el aumento de los costos y la competencia importadora. Y record\u00f3 que \u00bb la mayor\u00eda de los santafesinos tiene su vida al mercado interno y no a un enclave agroexportador o financiero\u00bb.<\/p>\n<p>La cartera productiva y Fisfe comenzaron a trabajar contra la ola de importaciones desde que recibieron tempranamente las quejas de empresas y c\u00e1maras industriales. Mantuvieron numerosas reuniones con funcionarios nacionales. Incluso presentaron un documento con propuestas para administrar el comercio.<\/p>\n<p>Pero la presi\u00f3n no cede. El Observatorio cuenta con s t\u00e9cnicos de Producci\u00f3n y Fisfe. Sergio Buchara, por la cartera productiva, y Marcelo Comelli, por la entidad industrial, explicaron que el organismo habilit\u00f3 un correo para recibir informaci\u00f3n, adem\u00e1s de las cifras oficiales y de la presencia territorio. Se publicar\u00e1n informes peri\u00f3dicos y esperan agitar el debate y sumar voces a esta agenda. El tiempo, advierten, se agota.<\/p>\n<p><strong>Golosinas<\/strong><\/p>\n<p>Las exportaciones medidas en valores del sector de golosinas, galletitas y snacks cayeron en los primeros cinco meses del a\u00f1o un 21,4% respecto a igual lapso de 2015. En tanto las importaciones crecieron en ese mismo per\u00edodo un 27,5% interanual. As\u00ed lo se\u00f1al\u00f3 un informe de Investigaciones Econ\u00f3micas Sectoriales (IES).<\/p>\n<h6>Fuente: La capital Rosario<\/h6>\n","protected":false},"excerpt":{"rendered":"<p>La central fabril y el Ministerio de Producci\u00f3n lanzaron un observatorio sobre el ingreso de bienes del exterior. Panorama preocupante.<\/p>\n","protected":false},"author":2,"featured_media":51398,"comment_status":"closed","ping_status":"closed","sticky":false,"template":"","format":"standard","meta":{"footnotes":""},"categories":[65],"tags":[10],"class_list":["post-51397","post","type-post","status-publish","format-standard","has-post-thumbnail","hentry","category-provincias","tag-santa-fe"],"_links":{"self":[{"href":"http:\/\/argentinamunicipal.com.ar\/argentina\/wp-json\/wp\/v2\/posts\/51397","targetHints":{"allow":["GET"]}}],"collection":[{"href":"http:\/\/argentinamunicipal.com.ar\/argentina\/wp-json\/wp\/v2\/posts"}],"about":[{"href":"http:\/\/argentinamunicipal.com.ar\/argentina\/wp-json\/wp\/v2\/types\/post"}],"author":[{"embeddable":true,"href":"http:\/\/argentinamunicipal.com.ar\/argentina\/wp-json\/wp\/v2\/users\/2"}],"replies":[{"embeddable":true,"href":"http:\/\/argentinamunicipal.com.ar\/argentina\/wp-json\/wp\/v2\/comments?post=51397"}],"version-history":[{"count":0,"href":"http:\/\/argentinamunicipal.com.ar\/argentina\/wp-json\/wp\/v2\/posts\/51397\/revisions"}],"wp:featuredmedia":[{"embeddable":true,"href":"http:\/\/argentinamunicipal.com.ar\/argentina\/wp-json\/wp\/v2\/media\/51398"}],"wp:attachment":[{"href":"http:\/\/argentinamunicipal.com.ar\/argentina\/wp-json\/wp\/v2\/media?parent=51397"}],"wp:term":[{"taxonomy":"category","embeddable":true,"href":"http:\/\/argentinamunicipal.com.ar\/argentina\/wp-json\/wp\/v2\/categories?post=51397"},{"taxonomy":"post_tag","embeddable":true,"href":"http:\/\/argentinamunicipal.com.ar\/argentina\/wp-json\/wp\/v2\/tags?post=51397"}],"curies":[{"name":"wp","href":"https:\/\/api.w.org\/{rel}","templated":true}]}}