{"id":51412,"date":"2016-07-26T05:59:03","date_gmt":"2016-07-26T08:59:03","guid":{"rendered":"http:\/\/argentinamunicipal.com.ar\/argentina\/?p=51412"},"modified":"2016-07-26T08:01:29","modified_gmt":"2016-07-26T11:01:29","slug":"suarez-denuncian-7-meses-fue-despedido-60-los-empleados-talleres-calzado","status":"publish","type":"post","link":"http:\/\/argentinamunicipal.com.ar\/argentina\/suarez-denuncian-7-meses-fue-despedido-60-los-empleados-talleres-calzado\/","title":{"rendered":"Su\u00e1rez: denuncian que en 7 meses fue despedido el 60 % de los empleados de talleres de calzado"},"content":{"rendered":"<p>Seg\u00fan el gremio Uticra, desde enero hubo m\u00e1s de 150 despidos en el sector.<\/p>\n<p>La Uni\u00f3n de Trabajadores de la Industria del Calzado (Uticra) denunci\u00f3 hoy 25 nuevos despidos en Coronel Su\u00e1rez, con lo que ya son m\u00e1s de 150 los trabajadores que perdieron el empleo en lo que va del a\u00f1o.<\/p>\n<p>\u201cDesde enero llevamos m\u00e1s de 150 despidos en el rubro (el 60 % de los trabajadores). Hoy quedan menos de 100 en los talleres\u201d, denunci\u00f3 la delegada regional del gremio Uticra, Mariela Holzmann.<\/p>\n<p>\u201cLa soluci\u00f3n est\u00e1 en manos del gobierno nacional: hay que suspender las importaciones de capellada (la parte superior del calzado)\u201d, agreg\u00f3.<\/p>\n<p>La sindicalista dijo que el trabajo \u201cviene cayendo hace algunos a\u00f1os\u201d, pero aclar\u00f3 que \u201cla recesi\u00f3n agrav\u00f3 la situaci\u00f3n\u201d.<\/p>\n<p>\u201cLa pol\u00edtica debe actuar para que no desaparezca esta industria; son muchas familias que quedan en la calle\u201d, recalc\u00f3.<\/p>\n<p>Un pedido similar hab\u00eda realizado semanas atr\u00e1s el exintendente suarense y diputado provincial Ricardo Moccero.<\/p>\n<p><strong>25 menos<\/strong><\/p>\n<p>Holzmann inform\u00f3 que, mientras siguen en marcha las negociaciones por las sumas adeudadas a m\u00e1s de 60 extrabajadores de un taller de Pueblo Santa Trinidad, se confirmaron en las \u00faltimas horas 25 nuevos despidos en el taller Boulevard, de Mario Nuesch.<\/p>\n<p>\u201cPor disminuci\u00f3n de trabajo, la empresa decidi\u00f3 despedir a 25 trabajadores. La realidad es que hay poco trabajo pero la empresa nunca inici\u00f3 los tr\u00e1mites de rigor en el ministerio de Trabajo, as\u00ed que pedimos una audiencia. Los trabajadores deben rechazar los telegramas\u201d, se\u00f1al\u00f3 Holzmann.<\/p>\n<p>En cuanto a los 60 cesanteados del taller de Pablo Dornes, dijo que en la \u00faltima audiencia en el ministerio de Trabajo no se pudo avanzar como se esperaba.<\/p>\n<p>\u201cLa empresa sostiene que posee una deuda por trabajos realizados que todav\u00eda no cobr\u00f3 y que, con algo m\u00e1s de producci\u00f3n que est\u00e1 por entregar, podr\u00e1 cumplir con parte de los salarios ca\u00eddos\u201d, indic\u00f3.<\/p>\n<p>La delegada dijo que algunos trabajadores eval\u00faan iniciar una campa\u00f1a de recolecci\u00f3n de alimentos no perecederos a trav\u00e9s del sindicato.<\/p>\n<p>\u201cLos trabajadores cobraron por \u00faltima vez el 20 de mayo, y s\u00f3lo una parte de su salario. En el taller quedaron ocho personas trabajando, y tambi\u00e9n se encuentran sin cobrar junio, el aguinaldo y la primera quincena de julio\u201d, finaliz\u00f3.<\/p>\n<h6>Fuente: La Nueva<\/h6>\n","protected":false},"excerpt":{"rendered":"<p>Seg\u00fan el gremio Uticra, desde enero hubo m\u00e1s de 150 despidos en el sector.<\/p>\n","protected":false},"author":2,"featured_media":51413,"comment_status":"closed","ping_status":"closed","sticky":false,"template":"","format":"standard","meta":{"footnotes":""},"categories":[2],"tags":[12],"class_list":["post-51412","post","type-post","status-publish","format-standard","has-post-thumbnail","hentry","category-informe-municipal","tag-buenos-aires"],"_links":{"self":[{"href":"http:\/\/argentinamunicipal.com.ar\/argentina\/wp-json\/wp\/v2\/posts\/51412","targetHints":{"allow":["GET"]}}],"collection":[{"href":"http:\/\/argentinamunicipal.com.ar\/argentina\/wp-json\/wp\/v2\/posts"}],"about":[{"href":"http:\/\/argentinamunicipal.com.ar\/argentina\/wp-json\/wp\/v2\/types\/post"}],"author":[{"embeddable":true,"href":"http:\/\/argentinamunicipal.com.ar\/argentina\/wp-json\/wp\/v2\/users\/2"}],"replies":[{"embeddable":true,"href":"http:\/\/argentinamunicipal.com.ar\/argentina\/wp-json\/wp\/v2\/comments?post=51412"}],"version-history":[{"count":0,"href":"http:\/\/argentinamunicipal.com.ar\/argentina\/wp-json\/wp\/v2\/posts\/51412\/revisions"}],"wp:featuredmedia":[{"embeddable":true,"href":"http:\/\/argentinamunicipal.com.ar\/argentina\/wp-json\/wp\/v2\/media\/51413"}],"wp:attachment":[{"href":"http:\/\/argentinamunicipal.com.ar\/argentina\/wp-json\/wp\/v2\/media?parent=51412"}],"wp:term":[{"taxonomy":"category","embeddable":true,"href":"http:\/\/argentinamunicipal.com.ar\/argentina\/wp-json\/wp\/v2\/categories?post=51412"},{"taxonomy":"post_tag","embeddable":true,"href":"http:\/\/argentinamunicipal.com.ar\/argentina\/wp-json\/wp\/v2\/tags?post=51412"}],"curies":[{"name":"wp","href":"https:\/\/api.w.org\/{rel}","templated":true}]}}