{"id":51430,"date":"2016-07-26T06:25:42","date_gmt":"2016-07-26T09:25:42","guid":{"rendered":"http:\/\/argentinamunicipal.com.ar\/argentina\/?p=51430"},"modified":"2016-07-26T08:28:26","modified_gmt":"2016-07-26T11:28:26","slug":"quieren-reanudar-tren-basavilbaso-concepcion-del-uruguay","status":"publish","type":"post","link":"http:\/\/argentinamunicipal.com.ar\/argentina\/quieren-reanudar-tren-basavilbaso-concepcion-del-uruguay\/","title":{"rendered":"Quieren reanudar el tren entre Basavilbaso y Concepci\u00f3n del Uruguay"},"content":{"rendered":"<p>El Intendente de Basavilbaso se reuni\u00f3 con Bordet y remarc\u00f3 que \u00abes una decisi\u00f3n que hay que tomar y creo que estamos muy cerca de encontrar una soluci\u00f3n\u00bb. La zona tiene serios problemas con el tema del transporte.<\/p>\n<p>La posibilidad de reanudar un servicio diario de trenes entre Basavilbaso y Concepci\u00f3n del Uruguay fue abordada durante el encuentro que mantuvo el gobernador Gustavo Bordet con el intendente de dicha ciudad, Gustavo Hein y el diputado provincial Joaqu\u00edn La Madrid. \u00abEs una decisi\u00f3n que hay que tomar y est\u00e1 cerca de ser una realidad\u00bb, dijo el presidente comunal.<\/p>\n<p>Tras el encuentro, el intendente por Cambiemos explic\u00f3 que \u00abla idea es que vuelvan dos m\u00e1quinas que est\u00e1n en Paran\u00e1, pero que son de Basavilbaso, y reanudar un servicio diario a Concepci\u00f3n del Uruguay, con un circuito que unir\u00eda Basavilbaso, Villa Mantero, Herrera y Caseros, para que por la ma\u00f1ana los vecinos puedan realizar tr\u00e1mites en esa ciudad. Adem\u00e1s, por la tarde habilitar otro, que involucra una cuesti\u00f3n social, como es llevar a los alumnos que estudian en Concepci\u00f3n del Uruguay\u00bb.<\/p>\n<p>\u00abTodos los intendentes de la zona estamos sufriendo el tema del transporte porque no tenemos los medios suficientes como para atender el pedido de los chicos que van a estudiar a Concepci\u00f3n del Uruguay en rem\u00eds o en trafics que se est\u00e1n alquilando desde el municipio\u00bb, se\u00f1al\u00f3 Hein.<\/p>\n<p>En ese sentido, dijo que \u00abqueremos que se reanude el servicio de trenes, que salga a la tarde y vuelva a la noche para llevar a los chicos a las universidades\u00bb.<\/p>\n<p>\u00abEl tema est\u00e1 muy encaminado; fue muy positiva la reuni\u00f3n con el gobernador, quien se mostr\u00f3 muy entusiasmado. Las m\u00e1quinas est\u00e1n en Paran\u00e1, es una decisi\u00f3n que hay que tomar y creo que estamos muy cerca de encontrar una soluci\u00f3n\u00bb, subray\u00f3.<\/p>\n<p>Y agreg\u00f3: \u00abEst\u00e1 todo como para que se ponga en marcha, el personal con sus sueldos al d\u00eda, las v\u00edas en condiciones, por lo que es una decisi\u00f3n fuerte que hay que tomar y que va a impactar en el departamento Uruguay. Adem\u00e1s, esta decisi\u00f3n, a futuro, va a mostrar las bondades de un gobierno provincial, acompa\u00f1ando a un gobierno municipal, que sin compartir colores tiene un norte bien claro, que es que los ciudadanos est\u00e9n mejor\u00bb.<\/p>\n<p>Por su parte, el diputado Lamadrid (Cambiemos), destac\u00f3 que \u00abestamos en di\u00e1logo permanente con el gobernador porque nos interesa buscar soluciones, en este caso para los vecinos de Basvilbaso. Tenemos un proyecto, que es reanudar un servicio de trenes en esta ciudad que es la Capital provincial del Riel y que es un lugar emblem\u00e1tico en la provincia en materia ferroviaria, con lo cual el gobernador se mostr\u00f3 sumamente interesado\u00bb.<\/p>\n<h6>Fuente: El Once<\/h6>\n","protected":false},"excerpt":{"rendered":"<p>El Intendente de Basavilbaso se reuni\u00f3 con Bordet y remarc\u00f3 que \u00abes una decisi\u00f3n que hay que tomar y creo que estamos muy cerca de encontrar una soluci\u00f3n\u00bb. La zona tiene serios problemas con el tema del transporte.<\/p>\n","protected":false},"author":2,"featured_media":51431,"comment_status":"closed","ping_status":"closed","sticky":false,"template":"","format":"standard","meta":{"footnotes":""},"categories":[2],"tags":[17],"class_list":["post-51430","post","type-post","status-publish","format-standard","has-post-thumbnail","hentry","category-informe-municipal","tag-entre-rios"],"_links":{"self":[{"href":"http:\/\/argentinamunicipal.com.ar\/argentina\/wp-json\/wp\/v2\/posts\/51430","targetHints":{"allow":["GET"]}}],"collection":[{"href":"http:\/\/argentinamunicipal.com.ar\/argentina\/wp-json\/wp\/v2\/posts"}],"about":[{"href":"http:\/\/argentinamunicipal.com.ar\/argentina\/wp-json\/wp\/v2\/types\/post"}],"author":[{"embeddable":true,"href":"http:\/\/argentinamunicipal.com.ar\/argentina\/wp-json\/wp\/v2\/users\/2"}],"replies":[{"embeddable":true,"href":"http:\/\/argentinamunicipal.com.ar\/argentina\/wp-json\/wp\/v2\/comments?post=51430"}],"version-history":[{"count":0,"href":"http:\/\/argentinamunicipal.com.ar\/argentina\/wp-json\/wp\/v2\/posts\/51430\/revisions"}],"wp:featuredmedia":[{"embeddable":true,"href":"http:\/\/argentinamunicipal.com.ar\/argentina\/wp-json\/wp\/v2\/media\/51431"}],"wp:attachment":[{"href":"http:\/\/argentinamunicipal.com.ar\/argentina\/wp-json\/wp\/v2\/media?parent=51430"}],"wp:term":[{"taxonomy":"category","embeddable":true,"href":"http:\/\/argentinamunicipal.com.ar\/argentina\/wp-json\/wp\/v2\/categories?post=51430"},{"taxonomy":"post_tag","embeddable":true,"href":"http:\/\/argentinamunicipal.com.ar\/argentina\/wp-json\/wp\/v2\/tags?post=51430"}],"curies":[{"name":"wp","href":"https:\/\/api.w.org\/{rel}","templated":true}]}}