{"id":51445,"date":"2016-07-27T07:30:25","date_gmt":"2016-07-27T10:30:25","guid":{"rendered":"http:\/\/argentinamunicipal.com.ar\/argentina\/?p=51445"},"modified":"2016-07-27T07:30:25","modified_gmt":"2016-07-27T10:30:25","slug":"las-vecinales-rio-cuarto-quieren-hacerse-cargo-del-barrido-los-microbasurales","status":"publish","type":"post","link":"http:\/\/argentinamunicipal.com.ar\/argentina\/las-vecinales-rio-cuarto-quieren-hacerse-cargo-del-barrido-los-microbasurales\/","title":{"rendered":"Las vecinales de R\u00edo Cuarto quieren hacerse cargo del barrido y los microbasurales"},"content":{"rendered":"<p>Teresa D\u00edaz le coment\u00f3 la propuesta al intendente Llamosas. \u201cLa idea es incorporar servicios nuevos a precios muy bajos\u201d, manifest\u00f3 la dirigente. El proyecto ser\u00e1 elevado a la secretar\u00eda de Enrique Novo<\/p>\n<p>Las vecinales quieren sumar a los servicios que prestan los de barrido de cord\u00f3n cuneta y limpieza de microbasurales. Lo dijo ayer a PUNTAL la titular del C\u00edrculo Vecinal, Teresa D\u00edaz, tras reunirse con el intendente Juan Manuel Llamosas.<\/p>\n<p>El proyecto en cuesti\u00f3n ser\u00e1 presentado al secretario de Servicios P\u00fablicos, Enrique Novo. En la actualidad, las vecinales prestan los servicios de riego, desmalezado, guarder\u00eda, sala m\u00e9dica, talleres culturales y deportes.<\/p>\n<p>\u201cEsta fue una reuni\u00f3n previa a la que \u00e9l (Llamosas) va a tener con todas las vecinales. Hemos conversado sobre la metodolog\u00eda de trabajo que vamos a llevar cabo\u201d, expres\u00f3 D\u00edaz.<\/p>\n<p>Y a\u00f1adi\u00f3: \u201cEl 28 nos vamos a reunir aqu\u00ed (en la Municipalidad) todas las vecinales con el doctor Novo, con quien vamos a trabajar por el tema de los servicios\u201d.<\/p>\n<p>\u201cPor supuesto que nos hemos puesto a disposici\u00f3n todas las vecinales para colaborar en su gesti\u00f3n\u201d, sostuvo. Y acot\u00f3: \u201cHablamos de los servicios que prestamos. Tenemos una propuesta para ampliarlos\u201d.<\/p>\n<p>\u201cLa idea es incorporar servicios nuevos. Nosotros le estamos preparando un informe con precios muy bajos en lo que es barrido de cord\u00f3n cuneta y microbasurales\u201d, precis\u00f3. Y agreg\u00f3: \u201cEn este momento, estamos pasando en limpio el proyecto y se lo vamos a entregar al doctor Novo\u201d.<\/p>\n<p>\u201cVan a estar involucradas todas las vecinales\u201d, afirm\u00f3. \u201cVa a tener bajo costo y va a estar controlado por cada una de las vecinales\u201d, indic\u00f3. Y a\u00f1adi\u00f3: \u201cTenemos sectores complicados. Son microbasurales muy dif\u00edciles de tratar. Estando las vecinales se los podr\u00e1 erradicar\u201d.<\/p>\n<p>-\u00bfSe trat\u00f3 el tema de las obras?<br \/>\n-Tambi\u00e9n vamos a seguir con las obras. El intendente est\u00e1 muy contento con los trabajos que las vecinales hacen con la Provincia.<\/p>\n<p>La dirigente vecinal tambi\u00e9n dijo: \u201cAdem\u00e1s cada una de las vecinales que conoce su sector va a hacer un relevamiento de todas las necesidades que hay\u201d. Y acot\u00f3: \u201cVamos a reflejar las prioridades de los barrios para d\u00e1rselas al intendente\u201d.<\/p>\n<h6>Fuente: Puntal<\/h6>\n","protected":false},"excerpt":{"rendered":"<p>Teresa D\u00edaz le coment\u00f3 la propuesta al intendente Llamosas. \u201cLa idea es incorporar servicios nuevos a precios muy bajos\u201d, manifest\u00f3 la dirigente. El proyecto ser\u00e1 elevado a la secretar\u00eda de Enrique Novo<\/p>\n","protected":false},"author":2,"featured_media":51446,"comment_status":"closed","ping_status":"closed","sticky":false,"template":"","format":"standard","meta":{"footnotes":""},"categories":[2],"tags":[3],"class_list":["post-51445","post","type-post","status-publish","format-standard","has-post-thumbnail","hentry","category-informe-municipal","tag-cordoba"],"_links":{"self":[{"href":"http:\/\/argentinamunicipal.com.ar\/argentina\/wp-json\/wp\/v2\/posts\/51445","targetHints":{"allow":["GET"]}}],"collection":[{"href":"http:\/\/argentinamunicipal.com.ar\/argentina\/wp-json\/wp\/v2\/posts"}],"about":[{"href":"http:\/\/argentinamunicipal.com.ar\/argentina\/wp-json\/wp\/v2\/types\/post"}],"author":[{"embeddable":true,"href":"http:\/\/argentinamunicipal.com.ar\/argentina\/wp-json\/wp\/v2\/users\/2"}],"replies":[{"embeddable":true,"href":"http:\/\/argentinamunicipal.com.ar\/argentina\/wp-json\/wp\/v2\/comments?post=51445"}],"version-history":[{"count":0,"href":"http:\/\/argentinamunicipal.com.ar\/argentina\/wp-json\/wp\/v2\/posts\/51445\/revisions"}],"wp:featuredmedia":[{"embeddable":true,"href":"http:\/\/argentinamunicipal.com.ar\/argentina\/wp-json\/wp\/v2\/media\/51446"}],"wp:attachment":[{"href":"http:\/\/argentinamunicipal.com.ar\/argentina\/wp-json\/wp\/v2\/media?parent=51445"}],"wp:term":[{"taxonomy":"category","embeddable":true,"href":"http:\/\/argentinamunicipal.com.ar\/argentina\/wp-json\/wp\/v2\/categories?post=51445"},{"taxonomy":"post_tag","embeddable":true,"href":"http:\/\/argentinamunicipal.com.ar\/argentina\/wp-json\/wp\/v2\/tags?post=51445"}],"curies":[{"name":"wp","href":"https:\/\/api.w.org\/{rel}","templated":true}]}}