{"id":51448,"date":"2016-07-27T06:32:03","date_gmt":"2016-07-27T09:32:03","guid":{"rendered":"http:\/\/argentinamunicipal.com.ar\/argentina\/?p=51448"},"modified":"2016-07-27T07:34:26","modified_gmt":"2016-07-27T10:34:26","slug":"deheza-lanzan-plan-turismo-rural-e-industrial","status":"publish","type":"post","link":"http:\/\/argentinamunicipal.com.ar\/argentina\/deheza-lanzan-plan-turismo-rural-e-industrial\/","title":{"rendered":"Deheza: lanzan plan de turismo rural e industrial"},"content":{"rendered":"<p>Con la presencia de las autoridades del Municipio local, de la Asociaci\u00f3n Empresarial General Deheza y la Agencia C\u00f3rdoba Turismo, se realiz\u00f3 ayer el lanzamiento del programa \u201cTurind\u201d, un proyecto que pretende mostrar a la regi\u00f3n, provincia y pa\u00eds el potencial de las empresas e industrias de General Deheza y regi\u00f3n.<\/p>\n<p>El secretario de Gobierno municipal, Mariano Derlindatti, fue el encargado, junto al presidente de la Asociaci\u00f3n Empresarial General Deheza, de brindar en conferencia de prensa los detalles de la propuesta que tiene por objetivo mostrar el potencial del turismo rural e industrial de una amplia zona que alcanza a empresas e industrias de Villa Mar\u00eda, General Deheza, Las Perdices, Ticino y Punta del Agua, entre otras poblaciones.<\/p>\n<p>Durante el lanzamiento, el secretario de Gobierno destac\u00f3 las virtudes del proyecto que fue declarado de inter\u00e9s municipal y tiene por objetivo dar una veta tur\u00edstica a la actividad productiva y potenciar el desarrollo de la actividad comercial, gastron\u00f3mica, industrial y hotelera aut\u00f3ctona, desde General Deheza hacia una amplia regi\u00f3n.<\/p>\n<p><strong>Difundir el potencial<\/strong><\/p>\n<p>Se trabajar\u00e1 con el objetivo de conformar el denominado \u201cCircuito del Man\u00ed\u201d sobre lo cual se apostar\u00e1 a mostrar \u201cal mundo lo que se produce en nuestro pueblo y nuestra zona\u201d. \u201cConsideramos que podemos seguir creciendo, exportando y en particular cumpliendo con el objetivo de mostrar el potencial de las empresas radicadas en el pueblo y una amplia zona; las expectativas son las mejores, creemos que el potencial es enorme y debemos mostrarlo al mundo\u201d, se\u00f1al\u00f3 a PUNTAL, Juan Carlos Calcabrini, presidente de la Asociaci\u00f3n Empresarial dehecina.<\/p>\n<p>Tras el lanzamiento, se dieron detalles del evento que ser\u00e1 organizado en conjunto con la Came y Fedecom,\u00a0 mediante el cual se promocionar\u00e1 el Turismo Rural e Industrial, que tendr\u00e1 lugar el venidero viernes 5 de agosto, cuando se realice el Foro Regional del Turismo. El mismo se realizar\u00e1 en las instalaciones del club Acci\u00f3n Juvenil, de General Deheza, invitando a empresarios y comerciantes emprendedores a inscribirse para participar del mismo, que tendr\u00e1 un cupo reservado para 200 personas. All\u00ed se suceder\u00e1n disertaciones, conferencias y grupos de trabajo y debate.<\/p>\n<h6>Fuente: Puntal<\/h6>\n","protected":false},"excerpt":{"rendered":"<p>Con la presencia de las autoridades del Municipio local, de la Asociaci\u00f3n Empresarial General Deheza y la Agencia C\u00f3rdoba Turismo, se realiz\u00f3 ayer el lanzamiento del programa \u201cTurind\u201d<\/p>\n","protected":false},"author":2,"featured_media":51449,"comment_status":"closed","ping_status":"closed","sticky":false,"template":"","format":"standard","meta":{"footnotes":""},"categories":[2],"tags":[3],"class_list":["post-51448","post","type-post","status-publish","format-standard","has-post-thumbnail","hentry","category-informe-municipal","tag-cordoba"],"_links":{"self":[{"href":"http:\/\/argentinamunicipal.com.ar\/argentina\/wp-json\/wp\/v2\/posts\/51448","targetHints":{"allow":["GET"]}}],"collection":[{"href":"http:\/\/argentinamunicipal.com.ar\/argentina\/wp-json\/wp\/v2\/posts"}],"about":[{"href":"http:\/\/argentinamunicipal.com.ar\/argentina\/wp-json\/wp\/v2\/types\/post"}],"author":[{"embeddable":true,"href":"http:\/\/argentinamunicipal.com.ar\/argentina\/wp-json\/wp\/v2\/users\/2"}],"replies":[{"embeddable":true,"href":"http:\/\/argentinamunicipal.com.ar\/argentina\/wp-json\/wp\/v2\/comments?post=51448"}],"version-history":[{"count":0,"href":"http:\/\/argentinamunicipal.com.ar\/argentina\/wp-json\/wp\/v2\/posts\/51448\/revisions"}],"wp:featuredmedia":[{"embeddable":true,"href":"http:\/\/argentinamunicipal.com.ar\/argentina\/wp-json\/wp\/v2\/media\/51449"}],"wp:attachment":[{"href":"http:\/\/argentinamunicipal.com.ar\/argentina\/wp-json\/wp\/v2\/media?parent=51448"}],"wp:term":[{"taxonomy":"category","embeddable":true,"href":"http:\/\/argentinamunicipal.com.ar\/argentina\/wp-json\/wp\/v2\/categories?post=51448"},{"taxonomy":"post_tag","embeddable":true,"href":"http:\/\/argentinamunicipal.com.ar\/argentina\/wp-json\/wp\/v2\/tags?post=51448"}],"curies":[{"name":"wp","href":"https:\/\/api.w.org\/{rel}","templated":true}]}}