{"id":51473,"date":"2016-07-27T08:25:26","date_gmt":"2016-07-27T11:25:26","guid":{"rendered":"http:\/\/argentinamunicipal.com.ar\/argentina\/?p=51473"},"modified":"2016-07-27T08:25:26","modified_gmt":"2016-07-27T11:25:26","slug":"nacion-provincia-municipios-entrerrianos-firmaran-convenios-transparentar-la-gestion-traves-herramientas-digitales","status":"publish","type":"post","link":"http:\/\/argentinamunicipal.com.ar\/argentina\/nacion-provincia-municipios-entrerrianos-firmaran-convenios-transparentar-la-gestion-traves-herramientas-digitales\/","title":{"rendered":"Naci\u00f3n, Provincia y municipios entrerrianos firmar\u00e1n convenios para transparentar la gesti\u00f3n a trav\u00e9s de herramientas digitales"},"content":{"rendered":"<p>La provincia firmar\u00e1 este mi\u00e9rcoles un convenio con el Ministerio de Modernizaci\u00f3n de la Naci\u00f3n para poner a disposici\u00f3n de los ciudadanos, a trav\u00e9s de herramientas digitales, las normativas vigentes en la provincia \u2022 As\u00ed lo confirm\u00f3 a APFDigital el concejal de Cambiemos, Emanuel Gainza, qui\u00e9n adelant\u00f3 que est\u00e1n invitados a adherir todos los Municipios de la provincia<\/p>\n<p>\u201cMa\u00f1ana hacemos el primer acta acuerdo provincial por la transparencia. Es una iniciativa que hemos generado en conjunto con el Ministerio de Modernizaci\u00f3n de la Naci\u00f3n que tiene como objetivo invitar a los municipios de la provincia a que se comprometan a que de ac\u00e1 a dos a\u00f1os, toda la documentaci\u00f3n vigente, esto es ordenanzas y decretos en general, que ya tienen car\u00e1cter p\u00fablico por la Constituci\u00f3n de la provincia, Nacional y leyes reglamentarias, se encuentren disponibles al vecino a trav\u00e9s de cualquier plataforma digital\u201d, adelant\u00f3 Gainza en di\u00e1logo con esta Agencia.<\/p>\n<p>La presentaci\u00f3n y firmas de convenios se realizar\u00e1n este mi\u00e9rcoles a las 10:30 en un local de calle Almafuerte 1887 de la capital provincial.<\/p>\n<p>Respecto a las herramientas a implementar, Gainza aclar\u00f3 que con los convenios que se firmar\u00e1n \u201cno estamos diciendo cual es la herramienta particular, sino lo que si suscriben es a este compromiso de que cualquier ciudadano, cada uno de estos municipios, pueda tener acceso directo a esa informaci\u00f3n para transparentar y generar un v\u00ednculo directo de confianza con lo que hacemos los representantes de la gente y en general\u201d.<\/p>\n<p>Explic\u00f3 adem\u00e1s que dicho compromiso tiene tres etapas: \u201cLo que se firmar\u00e1 en presencia del gobernador Gustavo Bordet, del intendente de Paran\u00e1, Sergio Varisco, y el ministro de Modernizaci\u00f3n, Andr\u00e9s Ibarra, es un compromiso en una primera etapa de la normativa vigente de car\u00e1cter general\u201d.<\/p>\n<p>\u201cEn una segunda con el tema de declaraciones juradas y una tercera etapa de ejecuci\u00f3n presupuestaria\u201d, ampli\u00f3 el Concejal de Cambiemos.<\/p>\n<p>\u201cEn Paran\u00e1 vamos a promover una aplicaci\u00f3n que va a estar activa a partir del 1 de septiembre en www.paranatransparente.gob.ar y que cualquier ciudadano de Paran\u00e1 va a poder ingresar a la plataforma, descargar la aplicaci\u00f3n, encontrar las ordenanzas vigentes, compartirlas en las redes sociales, tener contacto con los concejales y saber c\u00f3mo vot\u00f3 cada uno\u201d, adelant\u00f3 Gainza.<\/p>\n<p>\u201cAprovechamos la iniciativa y presentaremos una serie de herramientas digitales gratuitas que el Gobierno Nacional pone a disposici\u00f3n de cada municipio llamado \u201cPa\u00eds Digital\u201d donde hay software libre y gratuito para que lo puedan implementar en los municipios.<\/p>\n<p>Con poco dinero se puede hacer un cambio sustancial de la informaci\u00f3n que le llega al vecino\u201d, anticip\u00f3.<\/p>\n<p>Est\u00e1n invitados los municipios, legisladores, concejales, etc.<\/p>\n<p>\u201cEsta convocatoria implica la posibilidad de generar un compromiso en cada uno de los funcionarios p\u00fablicos en entender que una vez que venimos a la funci\u00f3n p\u00fablica tenemos la responsabilidad de transparentar lo que hacemos y sobre todo rendir cuentas\u201d, concluy\u00f3 el edil paranaense.<\/p>\n<h6>Fuente: APF Digital<\/h6>\n","protected":false},"excerpt":{"rendered":"<p>La provincia firmar\u00e1 este mi\u00e9rcoles un convenio con el Ministerio de Modernizaci\u00f3n de la Naci\u00f3n para poner a disposici\u00f3n de los ciudadanos, a trav\u00e9s de herramientas digitales, las normativas vigentes en la provincia <\/p>\n","protected":false},"author":2,"featured_media":51475,"comment_status":"closed","ping_status":"closed","sticky":false,"template":"","format":"standard","meta":{"footnotes":""},"categories":[2],"tags":[17],"class_list":["post-51473","post","type-post","status-publish","format-standard","has-post-thumbnail","hentry","category-informe-municipal","tag-entre-rios"],"_links":{"self":[{"href":"http:\/\/argentinamunicipal.com.ar\/argentina\/wp-json\/wp\/v2\/posts\/51473","targetHints":{"allow":["GET"]}}],"collection":[{"href":"http:\/\/argentinamunicipal.com.ar\/argentina\/wp-json\/wp\/v2\/posts"}],"about":[{"href":"http:\/\/argentinamunicipal.com.ar\/argentina\/wp-json\/wp\/v2\/types\/post"}],"author":[{"embeddable":true,"href":"http:\/\/argentinamunicipal.com.ar\/argentina\/wp-json\/wp\/v2\/users\/2"}],"replies":[{"embeddable":true,"href":"http:\/\/argentinamunicipal.com.ar\/argentina\/wp-json\/wp\/v2\/comments?post=51473"}],"version-history":[{"count":0,"href":"http:\/\/argentinamunicipal.com.ar\/argentina\/wp-json\/wp\/v2\/posts\/51473\/revisions"}],"wp:featuredmedia":[{"embeddable":true,"href":"http:\/\/argentinamunicipal.com.ar\/argentina\/wp-json\/wp\/v2\/media\/51475"}],"wp:attachment":[{"href":"http:\/\/argentinamunicipal.com.ar\/argentina\/wp-json\/wp\/v2\/media?parent=51473"}],"wp:term":[{"taxonomy":"category","embeddable":true,"href":"http:\/\/argentinamunicipal.com.ar\/argentina\/wp-json\/wp\/v2\/categories?post=51473"},{"taxonomy":"post_tag","embeddable":true,"href":"http:\/\/argentinamunicipal.com.ar\/argentina\/wp-json\/wp\/v2\/tags?post=51473"}],"curies":[{"name":"wp","href":"https:\/\/api.w.org\/{rel}","templated":true}]}}