{"id":51489,"date":"2016-07-27T07:00:42","date_gmt":"2016-07-27T10:00:42","guid":{"rendered":"http:\/\/argentinamunicipal.com.ar\/argentina\/?p=51489"},"modified":"2016-07-27T08:44:23","modified_gmt":"2016-07-27T11:44:23","slug":"tamberos-santafesinos-lanzaron-una-protesta","status":"publish","type":"post","link":"http:\/\/argentinamunicipal.com.ar\/argentina\/tamberos-santafesinos-lanzaron-una-protesta\/","title":{"rendered":"Tamberos santafesinos lanzaron una protesta"},"content":{"rendered":"<p>La mesa provincial de productores lecheros convoc\u00f3 a una concentraci\u00f3n en Rafaela. Piden apoyo al gobierno nacional.<\/p>\n<p>\u00abHaremos una manifestaci\u00f3n pac\u00edfica, por supuesto, y entregaremos m\u00e1s de 2.000 litros de leche\u00bb, explic\u00f3 el dirigente.<\/p>\n<p>El titular de la Mesa Provincial de Productores Lecheros (Meprolsafe), Marcelo Aimaro, anunci\u00f3 ayer que el 3 de agosto realizar\u00e1n una protesta en la ciudad santafesina de Rafaela que consistir\u00e1 en la distribuci\u00f3n gratuita de leche, para difundir la dif\u00edcil situaci\u00f3n que atraviesa el sector.<\/p>\n<p>\u00abEl mi\u00e9rcoles 3 de agosto realizaremos una protesta por la situaci\u00f3n que vive nuestro sector, haremos o\u00edr nuestros reclamos, regalaremos leche, entregaremos volantes para que la poblaci\u00f3n entienda la situaci\u00f3n que viven los tamberos\u00bb, dijo Aimaro.<\/p>\n<p>La medida se realizar\u00e1 desde las 10 en la ruta nacional 34. \u00abHaremos una manifestaci\u00f3n pac\u00edfica, por supuesto, y entregaremos m\u00e1s de 2.000 litros de leche\u00bb, explic\u00f3 el dirigente.<\/p>\n<p>El reclamo principal es que el Estado nacional \u00abordene la cadena\u00bb y se recupere la rentabilidad de los productores. \u00abHoy el productor necesita no menos de $ 5,50, porque un trabajo del Inta arroja que el costo es de $ 5,30 \u00f3 $ 5,40\u00bb, consign\u00f3. Los tamberos reclaman al gobierno que cree un Fondo de Reparaci\u00f3n Hist\u00f3rico, para que compense el $ 1,50 que resta para superar la l\u00ednea de costos, sobre el precio que actualmente reciben de $ 4,10 por litro.<\/p>\n<p>\u00abEl dinero est\u00e1 en la cadena, pero pretendemos que se ordene y que cada eslab\u00f3n se lleve la parte que le corresponde\u00bb, agreg\u00f3.<\/p>\n<p>\u00abYa se cerraron un 10 por ciento de los tambos en esta provincia, y por cada tambo que se cierra pierden el trabajo al menos cinco personas; pero adem\u00e1s, otros trabajadores que viven de ellos se ven tambi\u00e9n afectados\u00bb, coment\u00f3.<\/p>\n<p><strong>Otro ruidazo<\/strong><\/p>\n<p>Multisectoriales lanzaron un nuevo ruidazo contra la suba de tarifas el 4 de agosto. En Rosario, se convoc\u00f3 a las 19.30 frente a Gobernaci\u00f3n.<\/p>\n<h6>Fuente: La Capital Rosario<\/h6>\n","protected":false},"excerpt":{"rendered":"<p>La mesa provincial de productores lecheros convoc\u00f3 a una concentraci\u00f3n en Rafaela. Piden apoyo al gobierno nacional. \u00abHaremos una manifestaci\u00f3n pac\u00edfica, por supuesto, y entregaremos m\u00e1s de 2.000 litros de leche\u00bb, explic\u00f3 el dirigente. El titular de la Mesa Provincial de Productores Lecheros (Meprolsafe), Marcelo Aimaro, anunci\u00f3 ayer que el 3 de agosto realizar\u00e1n una<\/p>\n","protected":false},"author":2,"featured_media":51490,"comment_status":"closed","ping_status":"closed","sticky":false,"template":"","format":"standard","meta":{"footnotes":""},"categories":[65],"tags":[10],"class_list":["post-51489","post","type-post","status-publish","format-standard","has-post-thumbnail","hentry","category-provincias","tag-santa-fe"],"_links":{"self":[{"href":"http:\/\/argentinamunicipal.com.ar\/argentina\/wp-json\/wp\/v2\/posts\/51489","targetHints":{"allow":["GET"]}}],"collection":[{"href":"http:\/\/argentinamunicipal.com.ar\/argentina\/wp-json\/wp\/v2\/posts"}],"about":[{"href":"http:\/\/argentinamunicipal.com.ar\/argentina\/wp-json\/wp\/v2\/types\/post"}],"author":[{"embeddable":true,"href":"http:\/\/argentinamunicipal.com.ar\/argentina\/wp-json\/wp\/v2\/users\/2"}],"replies":[{"embeddable":true,"href":"http:\/\/argentinamunicipal.com.ar\/argentina\/wp-json\/wp\/v2\/comments?post=51489"}],"version-history":[{"count":0,"href":"http:\/\/argentinamunicipal.com.ar\/argentina\/wp-json\/wp\/v2\/posts\/51489\/revisions"}],"wp:featuredmedia":[{"embeddable":true,"href":"http:\/\/argentinamunicipal.com.ar\/argentina\/wp-json\/wp\/v2\/media\/51490"}],"wp:attachment":[{"href":"http:\/\/argentinamunicipal.com.ar\/argentina\/wp-json\/wp\/v2\/media?parent=51489"}],"wp:term":[{"taxonomy":"category","embeddable":true,"href":"http:\/\/argentinamunicipal.com.ar\/argentina\/wp-json\/wp\/v2\/categories?post=51489"},{"taxonomy":"post_tag","embeddable":true,"href":"http:\/\/argentinamunicipal.com.ar\/argentina\/wp-json\/wp\/v2\/tags?post=51489"}],"curies":[{"name":"wp","href":"https:\/\/api.w.org\/{rel}","templated":true}]}}