{"id":51528,"date":"2016-07-29T05:39:10","date_gmt":"2016-07-29T08:39:10","guid":{"rendered":"http:\/\/argentinamunicipal.com.ar\/argentina\/?p=51528"},"modified":"2016-07-29T07:47:27","modified_gmt":"2016-07-29T10:47:27","slug":"shock-inversion-no-fue","status":"publish","type":"post","link":"http:\/\/argentinamunicipal.com.ar\/argentina\/shock-inversion-no-fue\/","title":{"rendered":"El shock de inversi\u00f3n que no fue"},"content":{"rendered":"<p>La actividad pasa por un per\u00edodo de par\u00e1lisis que se extiende desde la obra p\u00fablica a los emprendimientos de viviendas particulares, que no perdona ni las refacciones. El retroceso se refleja en el empleo: m\u00e1s de 60 mil puestos perdidos en un a\u00f1o.<\/p>\n<p>La construcci\u00f3n anot\u00f3 una ca\u00edda del 19,6 por ciento en junio respecto del mismo mes del a\u00f1o pasado, seg\u00fan lo inform\u00f3 ayer el Indec. En el primer semestre, la contracci\u00f3n del sector fue del 12,4 por ciento. El freno de la obra p\u00fablica en los primeros meses de gesti\u00f3n de Cambiemos fue uno de los elementos centrales para explicar el retroceso de la actividad. El parate de las obras de infraestructura puede observarse en la evoluci\u00f3n de los despachos de asfalto al mercado interno, que registra bajas de casi 40 por ciento. La vivienda particular y la refacci\u00f3n de establecimientos productivos tambi\u00e9n bajaron por la incertidumbre de la poblaci\u00f3n con inestabilidad cambiaria, tras el ajuste del d\u00f3lar del 60 por ciento a partir de diciembre pasado, y la fuerte suba de los costos. El empleo de la construcci\u00f3n se ubic\u00f3 en 389.125 individuos en mayo, al retroceder un 13,8 por ciento en relaci\u00f3n con el mismo mes del a\u00f1o pasado, lo que equivale a una p\u00e9rdida de 62.463 puestos de trabajo en doce meses.<\/p>\n<p>La actividad econ\u00f3mica atraviesa una fort\u00edsima recesi\u00f3n en todos los sectores productivos, al registrar las tasas de ca\u00eddas m\u00e1s importantes de las \u00faltimas d\u00e9cadas en la rama manufacturera y la construcci\u00f3n, dos de los sectores que generan gran cantidad de empleo a nivel local y tienen efecto multiplicador para del mercado interno. Las contracciones de la edificaci\u00f3n fueron aumentando con el correr de los meses para empezar el segundo semestre en una situaci\u00f3n peor respecto de la del comienzo del a\u00f1o, un fen\u00f3meno que tambi\u00e9n se repiti\u00f3 en la industria. En enero, la disminuci\u00f3n en la construcci\u00f3n se ubic\u00f3 en el 2,5 por ciento interanual, mientras que en febrero fue del 6,2 por ciento, en marzo 6,8, en abril 24,1, en mayo 12,9 y en junio 19,6, siempre en relaci\u00f3n a igual mes del a\u00f1o anterior. \u201cEl freno de la obra p\u00fablica impact\u00f3 fuerte en el sector en los primeros meses del a\u00f1o. Esperemos que en esta segunda parte haya cierta recomposici\u00f3n en la ejecuci\u00f3n de las obras, porque las constructoras est\u00e1n con las m\u00e1quinas paradas\u201d, mencion\u00f3 a este diario Juan Chediak, titular de la C\u00e1mara de la Construcci\u00f3n.<\/p>\n<p>La evoluci\u00f3n de las ventas de los principales insumos para la edificaci\u00f3n ofrece datos centrales para observar la p\u00e9rdida de negocios. El documento del centro de estad\u00edsticas oficiales precis\u00f3 que despachos al mercado interno de art\u00edculos y cer\u00e1micos disminuyeron 28,0 por ciento en junio respecto del mismo mes del a\u00f1o pasado. Adem\u00e1s, las ventas de cemento portland cayeron 18,6 por ciento, las de hierro redondo para hormig\u00f3n 24,4 por ciento, de ladrillos huecos 13,5 por ciento, de pinturas para la construcci\u00f3n 18,9, de pisos y revestimentos cer\u00e1micos 14,1 y de placas de yeso 17,5. Las entregas de asfalto vinculadas con la obra vial, uno de los principales rubros en los que invierte el sector p\u00fablico, marcaron una contracci\u00f3n del 27,6 por ciento el mes pasado, al tiempo que anotaron una ca\u00edda del 38,3 por ciento en los primeros seis meses de 2016 en relaci\u00f3n con igual per\u00edodo del a\u00f1o pasado.<\/p>\n<p>Las empresas constructoras consideraron que la recesi\u00f3n en la construcci\u00f3n continuar\u00e1 en los pr\u00f3ximos meses. Una encuesta del Indec a referentes del sector revel\u00f3 que s\u00f3lo el 21,7 por ciento de los empresarios cree que la actividad de la construcci\u00f3n aumentar\u00e1 en el tercer trimestre de 2016, mientras que el 78,3 por ciento considera que se mantendr\u00e1 o seguir\u00e1 en baja. La falta de perspectiva se concentra en la incertidumbre respecto de qu\u00e9 pasar\u00e1 con las inversiones estatales. El 75 por ciento de las constructoras considera que el reinicio de la obra p\u00fablica no ser\u00e1 un factor para dinamizar la actividad en los pr\u00f3ximos tres meses.<\/p>\n<p>El nivel de empleo registrado de la construcci\u00f3n, al igual que ocurre en distintos rubros de la econom\u00eda por la falta de demanda y reducci\u00f3n de la rentabilidad, marc\u00f3 una baja de 62.463 individuos el \u00faltimo a\u00f1o. El documento oficial no precisa cu\u00e1l fue la evoluci\u00f3n en este per\u00edodo del personal no registrado, el segmento de los asalariados que resulta m\u00e1s vulnerable en per\u00edodos de crisis econ\u00f3micas.<\/p>\n<h6>Fuente: P\u00e1gina 12<\/h6>\n","protected":false},"excerpt":{"rendered":"<p>La actividad pasa por un per\u00edodo de par\u00e1lisis que se extiende desde la obra p\u00fablica a los emprendimientos de viviendas particulares, que no perdona ni las refacciones. El retroceso se refleja en el empleo: m\u00e1s de 60 mil puestos perdidos en un a\u00f1o.<\/p>\n","protected":false},"author":2,"featured_media":51529,"comment_status":"closed","ping_status":"closed","sticky":false,"template":"","format":"standard","meta":{"footnotes":""},"categories":[8],"tags":[21],"class_list":["post-51528","post","type-post","status-publish","format-standard","has-post-thumbnail","hentry","category-informe-nacional","tag-argentina"],"_links":{"self":[{"href":"http:\/\/argentinamunicipal.com.ar\/argentina\/wp-json\/wp\/v2\/posts\/51528","targetHints":{"allow":["GET"]}}],"collection":[{"href":"http:\/\/argentinamunicipal.com.ar\/argentina\/wp-json\/wp\/v2\/posts"}],"about":[{"href":"http:\/\/argentinamunicipal.com.ar\/argentina\/wp-json\/wp\/v2\/types\/post"}],"author":[{"embeddable":true,"href":"http:\/\/argentinamunicipal.com.ar\/argentina\/wp-json\/wp\/v2\/users\/2"}],"replies":[{"embeddable":true,"href":"http:\/\/argentinamunicipal.com.ar\/argentina\/wp-json\/wp\/v2\/comments?post=51528"}],"version-history":[{"count":0,"href":"http:\/\/argentinamunicipal.com.ar\/argentina\/wp-json\/wp\/v2\/posts\/51528\/revisions"}],"wp:featuredmedia":[{"embeddable":true,"href":"http:\/\/argentinamunicipal.com.ar\/argentina\/wp-json\/wp\/v2\/media\/51529"}],"wp:attachment":[{"href":"http:\/\/argentinamunicipal.com.ar\/argentina\/wp-json\/wp\/v2\/media?parent=51528"}],"wp:term":[{"taxonomy":"category","embeddable":true,"href":"http:\/\/argentinamunicipal.com.ar\/argentina\/wp-json\/wp\/v2\/categories?post=51528"},{"taxonomy":"post_tag","embeddable":true,"href":"http:\/\/argentinamunicipal.com.ar\/argentina\/wp-json\/wp\/v2\/tags?post=51528"}],"curies":[{"name":"wp","href":"https:\/\/api.w.org\/{rel}","templated":true}]}}