{"id":5153,"date":"2014-03-30T08:33:14","date_gmt":"2014-03-30T11:33:14","guid":{"rendered":"http:\/\/argentinamunicipal.com.ar\/argentina\/?p=5153"},"modified":"2014-03-30T08:33:14","modified_gmt":"2014-03-30T11:33:14","slug":"acuerdan-un-aumento-salarial-del-28-para-los-municipales-en-la-carlota","status":"publish","type":"post","link":"http:\/\/argentinamunicipal.com.ar\/argentina\/acuerdan-un-aumento-salarial-del-28-para-los-municipales-en-la-carlota\/","title":{"rendered":"Acuerdan un aumento salarial del 28% para los municipales en La Carlota"},"content":{"rendered":"<p><a href=\"http:\/\/argentinamunicipal.com.ar\/argentina\/wp-content\/uploads\/2014\/03\/Municipalidad-La-Carlota.jpg\"><img loading=\"lazy\" decoding=\"async\" class=\"aligncenter size-full wp-image-5154\" alt=\"Municipalidad La Carlota\" src=\"http:\/\/argentinamunicipal.com.ar\/argentina\/wp-content\/uploads\/2014\/03\/Municipalidad-La-Carlota.jpg\" width=\"653\" height=\"490\" srcset=\"http:\/\/argentinamunicipal.com.ar\/argentina\/wp-content\/uploads\/2014\/03\/Municipalidad-La-Carlota.jpg 653w, http:\/\/argentinamunicipal.com.ar\/argentina\/wp-content\/uploads\/2014\/03\/Municipalidad-La-Carlota-300x225.jpg 300w\" sizes=\"auto, (max-width: 653px) 100vw, 653px\" \/><\/a><br \/>\nEl gremio de los municipales Suoem lleg\u00f3 a un acuerdo con el Ejecutivo y finalmente se fij\u00f3 que para el corriente a\u00f1o se aplicar\u00e1 un aumento del 28% acumulativo a los salarios de los trabajadores, que ser\u00e1 dividido en tres cuotas.<\/p>\n<p>En principio el sector gremial solicitaba un incremento del orden del 40%, pero el gobierno municipal analiz\u00f3 las posibilidad financieras e hizo una contrapropuesta que, tras ser evaluada en asamblea por los trabajadores, finalmente fue aceptada.<\/p>\n<p>En tal sentido, Norberto Ochoa, secretario gremial brind\u00f3 detalles sobre c\u00f3mo se aplicar\u00e1 el aumento y las cl\u00e1usulas especiales a cumplir.<\/p>\n<p>\u201cLa propuesta del Ejecutivo es otorgar un 28% acumulativo, por lo que se acercar\u00e1 al 30,66%. Los meses que se cobrar\u00e1n los aumentos ser\u00e1n el 10% con el sueldo de abril, el otro 10% se cobrar\u00e1 con el mes de julio y el 8% restante con el sueldo de septiembre\u201d, precis\u00f3 Ochoa.<\/p>\n<p>En la asamblea se agreg\u00f3 una cl\u00e1usula especial, que ahora la debe rever el Ejecutivo, debido a la incertidumbre que hay respecto al comportamiento del \u00edndice inflacionario a partir del \u00faltimo incremento. \u201cLos asamble\u00edstas piden que quede abierta la mesa laboral para septiembre. Ah\u00ed sentarnos a hablar de c\u00f3mo est\u00e1 la situaci\u00f3n. Estimamos que ante el movimiento inflacionario es necesario volver a discutir el tema salarial a partir de septiembre\u201d.<\/p>\n<p>Ochoa aclar\u00f3 que los municipales asumen que las finanzas locales tambi\u00e9n tienen sus vaivenes, pero indic\u00f3 que es necesario pensar en el bienestar de los empleados, y dada las actuales condiciones econ\u00f3micas, tal vez este aumento ahora aceptado, deba requerir un nuevo ajuste antes de fin de a\u00f1o.<\/p>\n<h6>Fuente: Puntal<\/h6>\n","protected":false},"excerpt":{"rendered":"<p>El gremio de los municipales Suoem lleg\u00f3 a un acuerdo con el Ejecutivo y finalmente se fij\u00f3 que para el corriente a\u00f1o se aplicar\u00e1 un aumento del 28% acumulativo a los salarios de los trabajadores, que ser\u00e1 dividido en tres cuotas. En principio el sector gremial solicitaba un incremento del orden del 40%, pero el<\/p>\n","protected":false},"author":2,"featured_media":5154,"comment_status":"closed","ping_status":"closed","sticky":false,"template":"","format":"standard","meta":{"footnotes":""},"categories":[7],"tags":[3],"class_list":["post-5153","post","type-post","status-publish","format-standard","has-post-thumbnail","hentry","category-informe-sindical","tag-cordoba"],"_links":{"self":[{"href":"http:\/\/argentinamunicipal.com.ar\/argentina\/wp-json\/wp\/v2\/posts\/5153","targetHints":{"allow":["GET"]}}],"collection":[{"href":"http:\/\/argentinamunicipal.com.ar\/argentina\/wp-json\/wp\/v2\/posts"}],"about":[{"href":"http:\/\/argentinamunicipal.com.ar\/argentina\/wp-json\/wp\/v2\/types\/post"}],"author":[{"embeddable":true,"href":"http:\/\/argentinamunicipal.com.ar\/argentina\/wp-json\/wp\/v2\/users\/2"}],"replies":[{"embeddable":true,"href":"http:\/\/argentinamunicipal.com.ar\/argentina\/wp-json\/wp\/v2\/comments?post=5153"}],"version-history":[{"count":0,"href":"http:\/\/argentinamunicipal.com.ar\/argentina\/wp-json\/wp\/v2\/posts\/5153\/revisions"}],"wp:featuredmedia":[{"embeddable":true,"href":"http:\/\/argentinamunicipal.com.ar\/argentina\/wp-json\/wp\/v2\/media\/5154"}],"wp:attachment":[{"href":"http:\/\/argentinamunicipal.com.ar\/argentina\/wp-json\/wp\/v2\/media?parent=5153"}],"wp:term":[{"taxonomy":"category","embeddable":true,"href":"http:\/\/argentinamunicipal.com.ar\/argentina\/wp-json\/wp\/v2\/categories?post=5153"},{"taxonomy":"post_tag","embeddable":true,"href":"http:\/\/argentinamunicipal.com.ar\/argentina\/wp-json\/wp\/v2\/tags?post=5153"}],"curies":[{"name":"wp","href":"https:\/\/api.w.org\/{rel}","templated":true}]}}