{"id":51544,"date":"2016-07-29T08:10:30","date_gmt":"2016-07-29T11:10:30","guid":{"rendered":"http:\/\/argentinamunicipal.com.ar\/argentina\/?p=51544"},"modified":"2016-07-29T08:10:30","modified_gmt":"2016-07-29T11:10:30","slug":"admitieron-se-registraron-cerca-60-mil-despidos-ultimo-ano-sector-privado","status":"publish","type":"post","link":"http:\/\/argentinamunicipal.com.ar\/argentina\/admitieron-se-registraron-cerca-60-mil-despidos-ultimo-ano-sector-privado\/","title":{"rendered":"Admitieron que se registraron cerca de 60 mil despidos en el \u00faltimo a\u00f1o en el sector privado"},"content":{"rendered":"<p>De acuerdo con el informe del Ministerio de Trabajo los mayores despidos se produjeron en los sectores de la construcci\u00f3n.<\/p>\n<p>El gobierno reconoci\u00f3 que hasta mayo pasado hubo 59.840 despidos en el sector privado, seg\u00fan la Evoluci\u00f3n del Empleo Registrado Privado del Ministerio de Trabajo.<\/p>\n<p>De acuerdo con el informe de la Subsecretar\u00eda de Pol\u00edticas, Estad\u00edsticas y Estudios Laborales de esa cartera, en mayo pasado los puestos de trabajo registrados eran cerca de 6,1 millones de trabajadores asalariados registrados en el sector privado.<\/p>\n<p>El informe a\u00f1ade que en el mismo mes de este a\u00f1o, se produjo una reducci\u00f3n de 59.840 puestos, que implica una reducci\u00f3n anual del 1% del total de los trabajadores bajo relaci\u00f3n de dependencia.<\/p>\n<p>El sector industrial que explica la mayor parte de la ca\u00edda es la construcci\u00f3n, donde la reducci\u00f3n del n\u00famero de asalariados formales representa m\u00e1s del 90% de la baja total de los trabajadores, con una reducci\u00f3n de 54 puestos de trabajo.<\/p>\n<p>El INDEC difundi\u00f3 las cifras de empleo interanuales correspondiente tambi\u00e9n a mayo, donde indica que esa reducci\u00f3n en el sector de la construcci\u00f3n llega a los 62 mil puestos de trabajo, por encima de la medici\u00f3n de la cartera laboral.<\/p>\n<p>Seg\u00fan el informe del ministerio de Trabajo los sectores que verificaron mayor incremento en el n\u00famero de trabajadores entre mayo de este a\u00f1o e igual mes del anterior fueron los sectores de comercio (13 mil trabajadores nuevos); Servicios Sociales y de Salud (10,5 mil) y Ense\u00f1anza (8 mil).<\/p>\n<p>El informe agrega que los mayores despidos se produjeron en los sectores de la construcci\u00f3n (54 mil trabajadores), industria manufacturera (27 mil) y Agricultura, Ganader\u00eda y Silvicultura (10 mil).<\/p>\n<p>En junio respecto de mayo pasado el informe de la cartera laboral indica que el \u00fanico sector que mostr\u00f3 cierta expansi\u00f3n en la dotaci\u00f3n de personal fue ense\u00f1anza privada con una incorporaci\u00f3n de 2.500 trabajadores formales.<\/p>\n<p>En la misma comparaci\u00f3n las ramas de actividad que presentaron mayor contracci\u00f3n del nivel de trabajo registrado fueron servicios empresariales e inmobiliarios (11 mil trabajadores); industria manufacturera (10 mil); agricultura y ganader\u00eda (6 mil) y los sectores de comercio y hoteles y restaurantes (5 mil cada uno).<\/p>\n<p>El Ministerio de Trabajo bas\u00f3 su informe en los datos del Sistema Integrado Previsional Argentino (SIPA), que los empleos asalariados declarados ante la Administraci\u00f3n Federal de Ingresos P\u00fablicos (AFIP) y la Encuesta de Indicadores Laborales (EIL), que incluye el relevamiento de aproximadamente 3.000 empresas.<\/p>\n<h6>Fuente: Uno Mendoza<\/h6>\n","protected":false},"excerpt":{"rendered":"<p>De acuerdo con el informe del Ministerio de Trabajo los mayores despidos se produjeron en los sectores de la construcci\u00f3n.<\/p>\n","protected":false},"author":2,"featured_media":51545,"comment_status":"closed","ping_status":"closed","sticky":false,"template":"","format":"standard","meta":{"footnotes":""},"categories":[8],"tags":[21],"class_list":["post-51544","post","type-post","status-publish","format-standard","has-post-thumbnail","hentry","category-informe-nacional","tag-argentina"],"_links":{"self":[{"href":"http:\/\/argentinamunicipal.com.ar\/argentina\/wp-json\/wp\/v2\/posts\/51544","targetHints":{"allow":["GET"]}}],"collection":[{"href":"http:\/\/argentinamunicipal.com.ar\/argentina\/wp-json\/wp\/v2\/posts"}],"about":[{"href":"http:\/\/argentinamunicipal.com.ar\/argentina\/wp-json\/wp\/v2\/types\/post"}],"author":[{"embeddable":true,"href":"http:\/\/argentinamunicipal.com.ar\/argentina\/wp-json\/wp\/v2\/users\/2"}],"replies":[{"embeddable":true,"href":"http:\/\/argentinamunicipal.com.ar\/argentina\/wp-json\/wp\/v2\/comments?post=51544"}],"version-history":[{"count":0,"href":"http:\/\/argentinamunicipal.com.ar\/argentina\/wp-json\/wp\/v2\/posts\/51544\/revisions"}],"wp:featuredmedia":[{"embeddable":true,"href":"http:\/\/argentinamunicipal.com.ar\/argentina\/wp-json\/wp\/v2\/media\/51545"}],"wp:attachment":[{"href":"http:\/\/argentinamunicipal.com.ar\/argentina\/wp-json\/wp\/v2\/media?parent=51544"}],"wp:term":[{"taxonomy":"category","embeddable":true,"href":"http:\/\/argentinamunicipal.com.ar\/argentina\/wp-json\/wp\/v2\/categories?post=51544"},{"taxonomy":"post_tag","embeddable":true,"href":"http:\/\/argentinamunicipal.com.ar\/argentina\/wp-json\/wp\/v2\/tags?post=51544"}],"curies":[{"name":"wp","href":"https:\/\/api.w.org\/{rel}","templated":true}]}}