{"id":51556,"date":"2016-07-29T08:25:45","date_gmt":"2016-07-29T11:25:45","guid":{"rendered":"http:\/\/argentinamunicipal.com.ar\/argentina\/?p=51556"},"modified":"2016-07-29T08:25:45","modified_gmt":"2016-07-29T11:25:45","slug":"municipio-venato-tuerto-impulsa-consumo-almacenes-locales","status":"publish","type":"post","link":"http:\/\/argentinamunicipal.com.ar\/argentina\/municipio-venato-tuerto-impulsa-consumo-almacenes-locales\/","title":{"rendered":"Municipio de Venato Tuerto impulsa consumo en almacenes locales"},"content":{"rendered":"<p>Se intentar\u00e1 a trav\u00e9s del Programa Compra Accesible, que impulsa el municipio junto al Centro Comercial.<\/p>\n<p>El Municipio conjuntamente con el Centro Comercial impulsa la puesta en funcionamiento del programa \u201cCompra Accesible\u201d,\u00a0cuyo fin es el de ofrecer una canasta b\u00e1sica de alimentos a un costo social accesible para su comercializaci\u00f3n en almacenes que adhieran a dicho programa.<\/p>\n<p>Con dicho fin ayer se realiz\u00f3 una reuni\u00f3n en la que participaron el titular de la Oficina Municipal de Informaci\u00f3n al Consumidor (OMIC), Hern\u00e1n Chiarlone, junto al director de Pymes, Turismo y Eventos, David Demarchi, con autoridades del Centro Comercial e Industrial (CCeI).<\/p>\n<p>Al respecto, el secretario de Producci\u00f3n Municipal, Dar\u00edo Mascioli destac\u00f3 que dicho programa se tom\u00f3 de uno similar implementado en Casilda conjuntamente con el centro de almacenero de dicha localidad. \u201cnosotros estamos tratando de reproducirlo conjuntamente con el Centro Comercial de Venado Tuerto y los almaceneros locales\u201d, agreg\u00f3.<\/p>\n<p>Para luego explicar: \u201cEs un programa que tiene que ver con intentar lograr una conjunci\u00f3n de esfuerzos para armar una canasta de alimentos de 10 productos que tendr\u00e1 \u00a0un costo de $149\u201d.<\/p>\n<p>En ese sentido resalt\u00f3: \u201cAs\u00ed logramos que el almacenero tenga un producto casi al costo y que a la vez le permita tener una mayor afluencia de p\u00fablico. Ese cliente seguramente a la vez se\u00a0 llevar\u00e1 otros productos en el mismo comercio\u201d.<\/p>\n<p>Mascioli aclar\u00f3 que\u00a0el Municipio se encargar\u00e1 de la log\u00edstica, \u201cnosotros realizaremos la promoci\u00f3n y tambi\u00e9n nos sumaremos con bolsitas reciclables para contener la canasta. Adem\u00e1s realizaremos la tarea de control con la Oficina Municipal de Informaci\u00f3n al Consumidor (OMIC).<\/p>\n<p>Por otra parte el funcionario inform\u00f3 que la idea es poder arrancar la semana que viene. Y sostuvo: \u201cel programa estar\u00e1 destinado no s\u00f3lo a cuidar el bolsillo de los venadenses, sino tambi\u00e9n a activar e incentivar el consumo local\u201d.<\/p>\n<p>Finalmente detall\u00f3 que la base de los productos a sumar en la canasta ser\u00edan: leche larga vida, pur\u00e9 de tomates, jugo en polvo, az\u00facar, harina de ma\u00edz y de trigo, arveja, galletitas dulces y secas, fideos, picadillo, mate o t\u00e9 en saquito, yerba.<\/p>\n<h6>Fuente: Sin Mordaza<\/h6>\n","protected":false},"excerpt":{"rendered":"<p>Se intentar\u00e1 a trav\u00e9s del Programa Compra Accesible, que impulsa el municipio junto al Centro Comercial.<\/p>\n","protected":false},"author":2,"featured_media":51557,"comment_status":"closed","ping_status":"closed","sticky":false,"template":"","format":"standard","meta":{"footnotes":""},"categories":[2],"tags":[10],"class_list":["post-51556","post","type-post","status-publish","format-standard","has-post-thumbnail","hentry","category-informe-municipal","tag-santa-fe"],"_links":{"self":[{"href":"http:\/\/argentinamunicipal.com.ar\/argentina\/wp-json\/wp\/v2\/posts\/51556","targetHints":{"allow":["GET"]}}],"collection":[{"href":"http:\/\/argentinamunicipal.com.ar\/argentina\/wp-json\/wp\/v2\/posts"}],"about":[{"href":"http:\/\/argentinamunicipal.com.ar\/argentina\/wp-json\/wp\/v2\/types\/post"}],"author":[{"embeddable":true,"href":"http:\/\/argentinamunicipal.com.ar\/argentina\/wp-json\/wp\/v2\/users\/2"}],"replies":[{"embeddable":true,"href":"http:\/\/argentinamunicipal.com.ar\/argentina\/wp-json\/wp\/v2\/comments?post=51556"}],"version-history":[{"count":0,"href":"http:\/\/argentinamunicipal.com.ar\/argentina\/wp-json\/wp\/v2\/posts\/51556\/revisions"}],"wp:featuredmedia":[{"embeddable":true,"href":"http:\/\/argentinamunicipal.com.ar\/argentina\/wp-json\/wp\/v2\/media\/51557"}],"wp:attachment":[{"href":"http:\/\/argentinamunicipal.com.ar\/argentina\/wp-json\/wp\/v2\/media?parent=51556"}],"wp:term":[{"taxonomy":"category","embeddable":true,"href":"http:\/\/argentinamunicipal.com.ar\/argentina\/wp-json\/wp\/v2\/categories?post=51556"},{"taxonomy":"post_tag","embeddable":true,"href":"http:\/\/argentinamunicipal.com.ar\/argentina\/wp-json\/wp\/v2\/tags?post=51556"}],"curies":[{"name":"wp","href":"https:\/\/api.w.org\/{rel}","templated":true}]}}