{"id":51571,"date":"2016-07-29T08:45:38","date_gmt":"2016-07-29T11:45:38","guid":{"rendered":"http:\/\/argentinamunicipal.com.ar\/argentina\/?p=51571"},"modified":"2016-07-29T08:45:38","modified_gmt":"2016-07-29T11:45:38","slug":"planean-nuevo-aeropuerto-parana-santa-fe-posible-lugar","status":"publish","type":"post","link":"http:\/\/argentinamunicipal.com.ar\/argentina\/planean-nuevo-aeropuerto-parana-santa-fe-posible-lugar\/","title":{"rendered":"Planean un nuevo aeropuerto entre Paran\u00e1 y Santa Fe: El posible lugar"},"content":{"rendered":"<p>Las alternativas de ubicaci\u00f3n se dan en funci\u00f3n de la din\u00e1mica h\u00eddrica del sector. La decisi\u00f3n apuntar\u00eda a una zona de isla sobre el r\u00edo Colastin\u00e9, antiguo Tiradero de la Balsa, que se unir\u00eda luego a tierra a trav\u00e9s de un peque\u00f1o puente.<\/p>\n<p>El secretario de Proyectos Estrat\u00e9gicos de la Municipalidad de Paran\u00e1, Eduardo Barbagelata, recorri\u00f3 este mi\u00e9rcoles los lugares donde podr\u00eda funcionar en un futuro no muy lejano el nuevo aeropuerto que una a las ciudades de Paran\u00e1 y Santa Fe.<\/p>\n<p>\u00abHubo una reuni\u00f3n en la Municipalidad de Santa Fe con algunos expertos que ya hab\u00edan estudiado algunas alternativas de ubicaci\u00f3n en funci\u00f3n de la din\u00e1mica h\u00eddrica de la zona. Una vez definido ese tema, se tom\u00f3 la decisi\u00f3n de elegir un lugar que est\u00e1 ubicado pasando el r\u00edo Colastin\u00e9, a mano izquierda, en el sentido Paran\u00e1 &#8211; Santa Fe en una zona de islas\u00bb, detall\u00f3.<\/p>\n<p>Tras el encuentro, funcionarios de los municipios de Paran\u00e1 y Santa Fe recorrieron la zona mencionada y dialogaron con integrantes t\u00e9cnicos del \u00f3rgano de control de los aeropuertos de Argentina.<\/p>\n<p>Al referirse a las obras a ejecutar para la construcci\u00f3n del aeropuerto, que estar\u00e1 a unos 10 minutos en veh\u00edculo desde la capital provincial entrerriana, Barbagelata indic\u00f3 que de confirmarse ese sitio en la isla, \u00abhabr\u00e1 que hacer un puente chico en la zona del Tiradero viejo de la Balsa, con un camino de unos 300 metros\u00bb para conectar con tierra firme desde isla.<\/p>\n<p>El aeropuerto ser\u00e1 internacional y permitir\u00e1, al unir dos poblaciones grandes de capital y zonas cercanas, el desarrollo de una mayor fluidez en vuelos de cabotaje a diferentes puntos del pa\u00eds, Buenos Aires, Salta, Jujuy, Rosario, Mendoza.<\/p>\n<p>En cuanto a los tiempos del proyecto, Barbagelata, se\u00f1al\u00f3 que una vez obtenido el respaldo financiero y determinada la ubicaci\u00f3n, hay que realizar el proyecto ejecutivo -que demandar\u00e1 seis meses-, para luego llamar a licitaci\u00f3n. \u00abLa obra se ejecutar\u00eda en un a\u00f1o o a\u00f1o medio\u00bb, agreg\u00f3.<\/p>\n<p>La iniciativa de construir el aeropuerto fue a instancias del ministro de Transporte de la Naci\u00f3n, Guillermo Dietrich, que ante la futura construcci\u00f3n del enlace vial entre Santa Fe y Paran\u00e1, propuso construir un aeropuerto en com\u00fan entre las dos capitales. \u00abApoyamos la iniciativa y nos pusimos a trabajar en el proyecto entre las dos ciudades capitales\u00bb, finaliz\u00f3 el funcionario.<\/p>\n<h6>Fuente: El Once<\/h6>\n","protected":false},"excerpt":{"rendered":"<p>Las alternativas de ubicaci\u00f3n se dan en funci\u00f3n de la din\u00e1mica h\u00eddrica del sector. La decisi\u00f3n apuntar\u00eda a una zona de isla sobre el r\u00edo Colastin\u00e9, antiguo Tiradero de la Balsa, que se unir\u00eda luego a tierra a trav\u00e9s de un peque\u00f1o puente.<\/p>\n","protected":false},"author":2,"featured_media":51572,"comment_status":"closed","ping_status":"closed","sticky":false,"template":"","format":"standard","meta":{"footnotes":""},"categories":[2],"tags":[17,10],"class_list":["post-51571","post","type-post","status-publish","format-standard","has-post-thumbnail","hentry","category-informe-municipal","tag-entre-rios","tag-santa-fe"],"_links":{"self":[{"href":"http:\/\/argentinamunicipal.com.ar\/argentina\/wp-json\/wp\/v2\/posts\/51571","targetHints":{"allow":["GET"]}}],"collection":[{"href":"http:\/\/argentinamunicipal.com.ar\/argentina\/wp-json\/wp\/v2\/posts"}],"about":[{"href":"http:\/\/argentinamunicipal.com.ar\/argentina\/wp-json\/wp\/v2\/types\/post"}],"author":[{"embeddable":true,"href":"http:\/\/argentinamunicipal.com.ar\/argentina\/wp-json\/wp\/v2\/users\/2"}],"replies":[{"embeddable":true,"href":"http:\/\/argentinamunicipal.com.ar\/argentina\/wp-json\/wp\/v2\/comments?post=51571"}],"version-history":[{"count":0,"href":"http:\/\/argentinamunicipal.com.ar\/argentina\/wp-json\/wp\/v2\/posts\/51571\/revisions"}],"wp:featuredmedia":[{"embeddable":true,"href":"http:\/\/argentinamunicipal.com.ar\/argentina\/wp-json\/wp\/v2\/media\/51572"}],"wp:attachment":[{"href":"http:\/\/argentinamunicipal.com.ar\/argentina\/wp-json\/wp\/v2\/media?parent=51571"}],"wp:term":[{"taxonomy":"category","embeddable":true,"href":"http:\/\/argentinamunicipal.com.ar\/argentina\/wp-json\/wp\/v2\/categories?post=51571"},{"taxonomy":"post_tag","embeddable":true,"href":"http:\/\/argentinamunicipal.com.ar\/argentina\/wp-json\/wp\/v2\/tags?post=51571"}],"curies":[{"name":"wp","href":"https:\/\/api.w.org\/{rel}","templated":true}]}}