{"id":51601,"date":"2016-08-01T07:11:17","date_gmt":"2016-08-01T10:11:17","guid":{"rendered":"http:\/\/argentinamunicipal.com.ar\/argentina\/?p=51601"},"modified":"2016-08-01T07:11:17","modified_gmt":"2016-08-01T10:11:17","slug":"los-otros-bolsones-aseguran-casos-se-quintuplico-pedido-comida","status":"publish","type":"post","link":"http:\/\/argentinamunicipal.com.ar\/argentina\/los-otros-bolsones-aseguran-casos-se-quintuplico-pedido-comida\/","title":{"rendered":"\u00abLos otros bolsones\u00bb: aseguran que en algunos casos se quintuplic\u00f3 el pedido de comida"},"content":{"rendered":"<p>Seg\u00fan an\u00e1lisis que realizaron en varios distritos de la provincia, la problem\u00e1tica econ\u00f3mica que atraviesa el pa\u00eds se tradujo en una complicada situaci\u00f3n social. Numerosas familias se volcaron en los \u00faltimos meses a pedir asistencia a sus intendentes que, aseguraron, en algunos casos tuvieron que quintuplicar el reparto de bolsones de comida.<\/p>\n<p>La recesi\u00f3n econ\u00f3mica, la inflaci\u00f3n y los despidos masivos en el sector p\u00fablico y privado hacen al contexto que marcan varios intendentes para explicar el constante aumento de asistencia social que deben brindar a los vecinos de sus distritos. Una muestra de lo que vienen denunciando desde distintas organizaciones barriales se da en Ca\u00f1uelas, Ituzaing\u00f3 y General Alvarado, entre otros territorios.<\/p>\n<p>En este sentido, y mientras gran parte del pa\u00eds centra su atenci\u00f3n sobre la problem\u00e1tica de la corrupci\u00f3n, que tiene como m\u00e1ximo exponente los famosos bolsones de Jos\u00e9 L\u00f3pez, asoman, silenciosos, los otros bolsones que no contienen dinero sino alimentos de primera necesidad.<\/p>\n<p>Consultados por INFOCIELO, desde el Ejecutivo que dirige la intendenta del Frente para la Victoria Marisa Fassi explicaron que \u00aben diciembre y enero las\u00a0expectativas devaluatorias generaron aumentos de precios y se empez\u00f3 a notar a partir de eso un aumento de la demanda sobre productos b\u00e1sicos de primera necesidad\u00bb, algo que, explicaron, \u00abse acentu\u00f3 con la devaluaci\u00f3n\u00bb. \u00abHay una mayor demanda en los comedores y en\u00a0el numero de familias que pasaron a pedir asistencia alimentaria, que estaba muy encorsetada sobre grupos muy vulnerables, entre 100 y 150 familias del distrito\u00bb, algo que, detallaron, \u00abse multiplico por cinco o seis\u00bb, lo que representa a unas 800 familias ca\u00f1uelenses.<\/p>\n<p>Situaci\u00f3n similar se vive en Ituzaing\u00f3. All\u00ed, el intendente peronista Alberto Descalzo explic\u00f3 a este medio que \u00abla preocupaci\u00f3n social\u00bb que viven en su distrito se debe a \u00abla coyuntura econ\u00f3mica del pa\u00eds, al cierre de los comercios, las peque\u00f1as y medianas empresas y a la gente que tuvo laburo y ahora la echaron\u00bb.<\/p>\n<p>\u00abHay una preocupaci\u00f3n social que se ve, sobre todo, en la demanda de los comedores que es mucho mayor que hace tiempo atr\u00e1s\u00bb, remarc\u00f3 Descalzo, a la vez que detall\u00f3: \u00abLos vecinos est\u00e1n pidiendo m\u00e1s leche, m\u00e1s comida y m\u00e1s asistencia social en general y eso est\u00e1 creciendo constantemente\u00bb.<\/p>\n<p>\u00abTodas estas cosas, sumado a los aumentos en las tarifas, han afectado de forma decisiva a los sectores m\u00e1s vulnerables, pero tambi\u00e9n a los sectores industriales que ahora como no pueden pagar los servicios despiden trabajadores\u00bb, analiz\u00f3 el intendente justicialista al explicar el aumento de la asistencia que debe brindar el Ejecutivo que dirige.<\/p>\n<p>Por su parte, el jefe comunal del Frente Renovador en General Alvarado, Germ\u00e1n Di C\u00e9sare, lanz\u00f3 que \u00abest\u00e1 claro que la situaci\u00f3n que se vive hoy, lamentablemente, es lo mismo que se vivi\u00f3 previo a 2003\u00bb.<\/p>\n<p>\u00abAlgunos reclamos que hab\u00edan desaparecido volvieron a asomar. La gente que s\u00f3lo ped\u00eda materiales para construir sus casas, ahora nos pide bolsones con mercader\u00eda\u00bb, se lament\u00f3 el referente del massismo y agreg\u00f3: \u00abAhora, hay gente que no llega a fin de mes y que tiene grandes necesidades en sus hogares al punto de no llegar para comprar la leche y la comida\u00bb.<\/p>\n<p>\u00abHoy hay un problema alimentario relamente y la gente no llega a fin de mes, y es algo que ya empezamos a ver en el \u00faltimo verano con una perticularidad que hab\u00eda desaparecido: nosotros por ser un distrito tur\u00edstico tenemos m\u00e1s trabajo en el verano, pero esta vez en esa fecha hubo reclamos de bolsones de comida, algo que nos dio la pauta de que hay necesidades b\u00e1sica insatisfechas\u00bb, ejemplific\u00f3 Di C\u00e9sare.<\/p>\n<p>Ejemplos casi exactos se replican en numerosos distritos de la provincia de Buenos Aires. El panorama que comenzaron a plantear desde las organizaciones sociales y barriales, y a la que ahora se suman los partidos pol\u00edticos, pareciera ratificar que la pobreza est\u00e1 cada vez m\u00e1s lejos del cero.<\/p>\n<h6>Fuente: InfoCielo<\/h6>\n","protected":false},"excerpt":{"rendered":"<p>Seg\u00fan an\u00e1lisis que realizaron en varios distritos de la provincia, la problem\u00e1tica econ\u00f3mica que atraviesa el pa\u00eds se tradujo en una complicada situaci\u00f3n social. Numerosas familias se volcaron en los \u00faltimos meses a pedir asistencia a sus intendentes <\/p>\n","protected":false},"author":2,"featured_media":51602,"comment_status":"closed","ping_status":"closed","sticky":false,"template":"","format":"standard","meta":{"footnotes":""},"categories":[2],"tags":[12],"class_list":["post-51601","post","type-post","status-publish","format-standard","has-post-thumbnail","hentry","category-informe-municipal","tag-buenos-aires"],"_links":{"self":[{"href":"http:\/\/argentinamunicipal.com.ar\/argentina\/wp-json\/wp\/v2\/posts\/51601","targetHints":{"allow":["GET"]}}],"collection":[{"href":"http:\/\/argentinamunicipal.com.ar\/argentina\/wp-json\/wp\/v2\/posts"}],"about":[{"href":"http:\/\/argentinamunicipal.com.ar\/argentina\/wp-json\/wp\/v2\/types\/post"}],"author":[{"embeddable":true,"href":"http:\/\/argentinamunicipal.com.ar\/argentina\/wp-json\/wp\/v2\/users\/2"}],"replies":[{"embeddable":true,"href":"http:\/\/argentinamunicipal.com.ar\/argentina\/wp-json\/wp\/v2\/comments?post=51601"}],"version-history":[{"count":0,"href":"http:\/\/argentinamunicipal.com.ar\/argentina\/wp-json\/wp\/v2\/posts\/51601\/revisions"}],"wp:featuredmedia":[{"embeddable":true,"href":"http:\/\/argentinamunicipal.com.ar\/argentina\/wp-json\/wp\/v2\/media\/51602"}],"wp:attachment":[{"href":"http:\/\/argentinamunicipal.com.ar\/argentina\/wp-json\/wp\/v2\/media?parent=51601"}],"wp:term":[{"taxonomy":"category","embeddable":true,"href":"http:\/\/argentinamunicipal.com.ar\/argentina\/wp-json\/wp\/v2\/categories?post=51601"},{"taxonomy":"post_tag","embeddable":true,"href":"http:\/\/argentinamunicipal.com.ar\/argentina\/wp-json\/wp\/v2\/tags?post=51601"}],"curies":[{"name":"wp","href":"https:\/\/api.w.org\/{rel}","templated":true}]}}