{"id":51613,"date":"2016-08-01T07:34:06","date_gmt":"2016-08-01T10:34:06","guid":{"rendered":"http:\/\/argentinamunicipal.com.ar\/argentina\/?p=51613"},"modified":"2016-08-01T07:34:06","modified_gmt":"2016-08-01T10:34:06","slug":"arias-pone-marcha-una-planta-tratar-reciclar-100-la-basura","status":"publish","type":"post","link":"http:\/\/argentinamunicipal.com.ar\/argentina\/arias-pone-marcha-una-planta-tratar-reciclar-100-la-basura\/","title":{"rendered":"Arias pone en marcha una planta para tratar y reciclar el 100% de la basura"},"content":{"rendered":"<p>La Municipalidad realiz\u00f3 una importante inversi\u00f3n para refuncionalizar un predio donde se procesar\u00e1n todos los desechos generados por la comunidad. El plan contempla tambi\u00e9n una etapa de forestaci\u00f3n<\/p>\n<p>Esta poblaci\u00f3n del departamento Marcos Ju\u00e1rez puso en marcha un ambicioso proyecto ambiental, del cual participar\u00e1 toda la comunidad para lograr el tratamiento y reciclaje del 100% de los desechos que generan los m\u00e1s de 8.000 habitantes.<\/p>\n<p>Para llevar a cabo esta iniciativa, ha sido recuperada y restaurada totalmente la Planta de Residuos que a partir de ahora pas\u00f3 a llamarse Planta de Tratamiento \u00abSan Francisco de As\u00eds\u00bb en homenaje al santo defensor de la ecolog\u00eda. Para ello se entroniz\u00f3 una imagen en una ermita situada en el predio.<\/p>\n<p>Sobre un tema tan complejo y delicado como son las condiciones del medioambiente, el Municipio ha recuperado la antigua planta que estuvo operativa a\u00f1os atr\u00e1s a trav\u00e9s del denominado proyecto de los ecoclubes.\u00a0 Dichas instalaciones estaban abandonadas y la actual gesti\u00f3n local decidi\u00f3 recuperarlas.<\/p>\n<p>Javier Defagot, secretario de Gobierno municipal, puso de relieve la labor que realizaron los empleados municipales para dejar el sitio limpio, pintado, recuperado totalmente y en \u00f3ptimas condiciones para su funcionamiento.<\/p>\n<p>Paralelamente se inici\u00f3 un nuevo ciclo de forestaci\u00f3n. Se est\u00e1n plantando nuevas especies y de cada \u00e1rbol extra\u00eddo se deben colocar 10 ejemplares. La idea es renovar y ampliar los pulmones verdes de Arias y as\u00ed aportar a la purificaci\u00f3n del aire y los suelos.<\/p>\n<p><strong>\u201cProductiva y Sustentable\u201d<\/strong><\/p>\n<p>El pasado viernes en el nuevo lugar ecol\u00f3gico de la localidad y ante la presencia de decenas de alumnos de los establecimientos educativos, se procedi\u00f3 al corte de cintas con el cual se dej\u00f3 formalmente rehabilitada la planta. Asimismo, se puso en marcha el programa \u00abArias Productiva y Sustentable\u00bb.<\/p>\n<p>En este marco fueron presentados dos camiones recolectores nuevos con un original sistema no contaminante, un hidroelevador de \u00faltima generaci\u00f3n y un calef\u00f3n solar para el uso de agua caliente en el lugar mediante la utilizaci\u00f3n de energ\u00edas naturales.<\/p>\n<p>El cura p\u00e1rroco de Arias, padre Roberto B\u00e1ez, antes de impartir la bendici\u00f3n a las instalaciones y nuevas unidades que ahora componen el equipamiento t\u00e9cnico, dej\u00f3 un mensaje de concientizaci\u00f3n a los alumnos, inst\u00e1ndolos a formar parte de esta nueva etapa ecol\u00f3gica en la vida de una poblaci\u00f3n que merece vivir en un contexto limpio y ordenado.<\/p>\n<p>Tras las palabras del intendente Mat\u00edas Gvozdenovich, dirigi\u00f3 un mensaje el coordinador del proyecto ingeniero Miguel Boxler, quien recibi\u00f3 un reconocimiento por ser parte de esta iniciativa all\u00e1 por los a\u00f1os 1996.<br \/>\nHubo menci\u00f3n a la labor del Taller de Dibujo y Pintura Municipal, bajo la coordinaci\u00f3n de la profesora Marcela Vancompernolle por una obra pict\u00f3rica creada en uno de los muros de la planta.<\/p>\n<p><strong>Capacitaci\u00f3n<\/strong><\/p>\n<p>La Municipalidad de Arias hizo entrega de los certificados a quienes asistieron al curso de capacitaci\u00f3n sobre Arbolado P\u00fablico, dictado por\u00a0 la c\u00e1tedra de Espacios Verdes de la Facultad de Veterinaria y Agronom\u00eda de la Universidad Nacional de R\u00edo Cuarto. Fueron 13 empleados municipales responsables del mantenimiento del arbolado. Participaron del curso: Ram\u00f3n Roberto Romero, Cristian Daniel Imbert, Jos\u00e9 Luis Barrionuevo, Alejandro G\u00f3mez, Catriel Nicol\u00e1s Frabiani, Brian Serv\u00edn, Emiliano Ledesma, Juan Rullo, Francisco Pereyra, Julio David Jofr\u00e9, Leonel L\u00f3pez, Miguel P\u00e1jaro y Eduardo Szpilevski.<\/p>\n<p>Adem\u00e1s hubo reconocimientos con entrega de presentes a los trabajadores que acompa\u00f1aron el proyecto y que siguen desempe\u00f1\u00e1ndose en la planta. Es el caso de Am\u00e9rico Reinaldo Gim\u00e9nez, Jorge Ernesto G\u00f3mez, Manuel Andrada y Manuel Jos\u00e9 Gonz\u00e1lez.<\/p>\n<p>Los alumnos de las escuelas recibieron charlas t\u00e9cnicas de c\u00f3mo se realiza el reciclado y la separaci\u00f3n de residuos, visitaron las camas de compost que ya cuenta con una gran cantidad de lombrices californianas, en tanto a cada vecino se le entreg\u00f3 un recipiente para que comience a realizar la separaci\u00f3n de los desechos org\u00e1nicos de los no org\u00e1nicos.<\/p>\n<h6>Fuente: Puntal<\/h6>\n","protected":false},"excerpt":{"rendered":"<p>La Municipalidad realiz\u00f3 una importante inversi\u00f3n para refuncionalizar un predio donde se procesar\u00e1n todos los desechos generados por la comunidad. El plan contempla tambi\u00e9n una etapa de forestaci\u00f3n<\/p>\n","protected":false},"author":2,"featured_media":51614,"comment_status":"closed","ping_status":"closed","sticky":false,"template":"","format":"standard","meta":{"footnotes":""},"categories":[2],"tags":[3],"class_list":["post-51613","post","type-post","status-publish","format-standard","has-post-thumbnail","hentry","category-informe-municipal","tag-cordoba"],"_links":{"self":[{"href":"http:\/\/argentinamunicipal.com.ar\/argentina\/wp-json\/wp\/v2\/posts\/51613","targetHints":{"allow":["GET"]}}],"collection":[{"href":"http:\/\/argentinamunicipal.com.ar\/argentina\/wp-json\/wp\/v2\/posts"}],"about":[{"href":"http:\/\/argentinamunicipal.com.ar\/argentina\/wp-json\/wp\/v2\/types\/post"}],"author":[{"embeddable":true,"href":"http:\/\/argentinamunicipal.com.ar\/argentina\/wp-json\/wp\/v2\/users\/2"}],"replies":[{"embeddable":true,"href":"http:\/\/argentinamunicipal.com.ar\/argentina\/wp-json\/wp\/v2\/comments?post=51613"}],"version-history":[{"count":0,"href":"http:\/\/argentinamunicipal.com.ar\/argentina\/wp-json\/wp\/v2\/posts\/51613\/revisions"}],"wp:featuredmedia":[{"embeddable":true,"href":"http:\/\/argentinamunicipal.com.ar\/argentina\/wp-json\/wp\/v2\/media\/51614"}],"wp:attachment":[{"href":"http:\/\/argentinamunicipal.com.ar\/argentina\/wp-json\/wp\/v2\/media?parent=51613"}],"wp:term":[{"taxonomy":"category","embeddable":true,"href":"http:\/\/argentinamunicipal.com.ar\/argentina\/wp-json\/wp\/v2\/categories?post=51613"},{"taxonomy":"post_tag","embeddable":true,"href":"http:\/\/argentinamunicipal.com.ar\/argentina\/wp-json\/wp\/v2\/tags?post=51613"}],"curies":[{"name":"wp","href":"https:\/\/api.w.org\/{rel}","templated":true}]}}