{"id":51628,"date":"2016-08-01T08:02:38","date_gmt":"2016-08-01T11:02:38","guid":{"rendered":"http:\/\/argentinamunicipal.com.ar\/argentina\/?p=51628"},"modified":"2016-08-01T08:02:38","modified_gmt":"2016-08-01T11:02:38","slug":"la-capacidad-compra-las-familias-se-desplomo-113-julio","status":"publish","type":"post","link":"http:\/\/argentinamunicipal.com.ar\/argentina\/la-capacidad-compra-las-familias-se-desplomo-113-julio\/","title":{"rendered":"La capacidad de compra de las familias se desplom\u00f3 11,3% en julio"},"content":{"rendered":"<p>La capacidad de compra de las familias volvi\u00f3 a hundirse en julio, cuando sufri\u00f3 una merma del -11,3% con relaci\u00f3n a igual mes del a\u00f1o anterior, de acuerdo a la consultora FyE. En el segundo trimestre el poder adquisitivo descendi\u00f3 -10,6%, muy superior al -4,6% del primer trimestre.<\/p>\n<p>Seg\u00fan FyE, el desplome de la capacidad de compra de las familias obedeci\u00f3 en primer lugar a \u201cla abrupta suba de los precios dom\u00e9sticos, que alcanzar\u00eda niveles del 46% o 48% en un a\u00f1o durante julio\u201d.<\/p>\n<p>En segundo lugar, influy\u00f3 \u201cel debilitamiento de la demanda laboral, que se reflej\u00f3 en una p\u00e9rdida de empleo de 81,060 puestos de trabajo entre noviembre y mayo \u00faltimo en t\u00e9rminos desestacionalizados (-1.3%), cifra equivalente a 162.120 puestos de trabajo anuales (o -2.6% anualizado)\u201d.<\/p>\n<p>Adem\u00e1s, la consultora se\u00f1ala, en tercer lugar, que \u201cla postergaci\u00f3n de las paritarias, moder\u00f3 el ritmo de incremento salarial interanual hasta julio (30% o 35% salarios formales promedio en contexto de gran dispersi\u00f3n sectorial)\u201d.<\/p>\n<p>Por \u00faltimo, resalta que \u201cla pol\u00edtica monetaria contractiva adoptada por el Banco Central retrajo la demanda y oferta de cr\u00e9dito a las familias, al pasar del 36,7% al 24,2% interanual entre noviembre y julio \u00faltimo (datos nominales)\u201d.<\/p>\n<p>En este contexto, \u201csiguen sin aparecer se\u00f1ales de recuperaci\u00f3n en el corto plazo\u201d, si bien podr\u00edamos estar en presencia de niveles \u201cpiso\u201d, afirm\u00f3 FyE. Agreg\u00f3 que esta \u201cca\u00edda de la capacidad de compra de las familias (demanda dom\u00e9stica) est\u00e1 explicando la retracci\u00f3n del consumo que se reflej\u00f3 en los datos de ventas de CAME. En efecto, las ventas minoristas (CAME) registraron una disminuci\u00f3n del -9,8% interanual en junio, siendo \u00e9sta la ca\u00edda m\u00e1s pronunciada desde 2009 (pleno impacto de la crisis financiera internacional)\u201d.<\/p>\n<p>La consultora record\u00f3 que en marzo, las ventas CAME se contrajeron un -5,8% interanual, mientras que en diciembre \u00faltimo aumentaron un +3.1%, lo cual ser\u00eda indicativo de la profundizaci\u00f3n de la recesi\u00f3n en el segundo trimestre del a\u00f1o.<\/p>\n<h6>Fuente: ADN<\/h6>\n","protected":false},"excerpt":{"rendered":"<p>La capacidad de compra de las familias volvi\u00f3 a hundirse en julio, cuando sufri\u00f3 una merma del -11,3% con relaci\u00f3n a igual mes del a\u00f1o anterior, de acuerdo a la consultora FyE.<\/p>\n","protected":false},"author":2,"featured_media":51629,"comment_status":"closed","ping_status":"closed","sticky":false,"template":"","format":"standard","meta":{"footnotes":""},"categories":[8],"tags":[21],"class_list":["post-51628","post","type-post","status-publish","format-standard","has-post-thumbnail","hentry","category-informe-nacional","tag-argentina"],"_links":{"self":[{"href":"http:\/\/argentinamunicipal.com.ar\/argentina\/wp-json\/wp\/v2\/posts\/51628","targetHints":{"allow":["GET"]}}],"collection":[{"href":"http:\/\/argentinamunicipal.com.ar\/argentina\/wp-json\/wp\/v2\/posts"}],"about":[{"href":"http:\/\/argentinamunicipal.com.ar\/argentina\/wp-json\/wp\/v2\/types\/post"}],"author":[{"embeddable":true,"href":"http:\/\/argentinamunicipal.com.ar\/argentina\/wp-json\/wp\/v2\/users\/2"}],"replies":[{"embeddable":true,"href":"http:\/\/argentinamunicipal.com.ar\/argentina\/wp-json\/wp\/v2\/comments?post=51628"}],"version-history":[{"count":0,"href":"http:\/\/argentinamunicipal.com.ar\/argentina\/wp-json\/wp\/v2\/posts\/51628\/revisions"}],"wp:featuredmedia":[{"embeddable":true,"href":"http:\/\/argentinamunicipal.com.ar\/argentina\/wp-json\/wp\/v2\/media\/51629"}],"wp:attachment":[{"href":"http:\/\/argentinamunicipal.com.ar\/argentina\/wp-json\/wp\/v2\/media?parent=51628"}],"wp:term":[{"taxonomy":"category","embeddable":true,"href":"http:\/\/argentinamunicipal.com.ar\/argentina\/wp-json\/wp\/v2\/categories?post=51628"},{"taxonomy":"post_tag","embeddable":true,"href":"http:\/\/argentinamunicipal.com.ar\/argentina\/wp-json\/wp\/v2\/tags?post=51628"}],"curies":[{"name":"wp","href":"https:\/\/api.w.org\/{rel}","templated":true}]}}