{"id":51668,"date":"2016-08-02T07:40:03","date_gmt":"2016-08-02T10:40:03","guid":{"rendered":"http:\/\/argentinamunicipal.com.ar\/argentina\/?p=51668"},"modified":"2016-08-02T07:40:03","modified_gmt":"2016-08-02T10:40:03","slug":"rafaela-incluida-programa-nacional-emprendedurismo","status":"publish","type":"post","link":"http:\/\/argentinamunicipal.com.ar\/argentina\/rafaela-incluida-programa-nacional-emprendedurismo\/","title":{"rendered":"Rafaela incluida en programa nacional de emprendedurismo"},"content":{"rendered":"<p>Fueron 120 ciudades del pa\u00eds las postuladas, de las que se eligieron 30, entre ellas Rafaela. Castellano firm\u00f3 el convenio para formalizar la relaci\u00f3n entre el municipio y la Subsecretar\u00eda de Emprendedores del gobierno nacional, para comenzar a trabajar.<\/p>\n<p>El intendente Luis Castellano firm\u00f3 ayer en Buenos Aires el convenio mediante el cual Rafaela es integrada al programa nacional \u00abCiudades para Emprender\u00bb, llevado adelante por la Subsecretar\u00eda de Emprendedores, dependiente de la Secretar\u00eda de Emprendedores y PyMEs del Ministerio de la Producci\u00f3n de la Naci\u00f3n.<\/p>\n<p>El acto se llev\u00f3 a cabo en el \u00abSal\u00f3n Federal\u00bb del Centro Cultural \u00abN\u00e9stor Kirchner\u00bb, y cont\u00f3 con la presencia del secretario de Desarrollo Econ\u00f3mico, Innovaci\u00f3n y Relaciones Internacionales de la Municipalidad de Rafaela, Marcos Corach, y el coordinador del \u00e1rea, Diego Peiretti, quien realizar\u00e1 la capacitaci\u00f3n para la aplicaci\u00f3n del programa en nuestro medio.<\/p>\n<p>Entre las autoridades nacionales estuvieron presentes Mariano Mayer y Esteban Campero, secretario y subsecretario respectivamente de Emprendedores y PyMEs del Ministerio de la Producci\u00f3n, quienes dieron la bienvenida a las autoridades de los 30 municipios de diferentes provincias del pa\u00eds, elegidos sobre un total de 120 propuestos originalmente.<\/p>\n<p>\u00abFormar parte de este programa es una muy buena oportunidad, porque nos va a sumar nuevas miradas de otros municipios, y v\u00ednculos con ellos para articular acciones que redunden en beneficio de nuestros emprendedores\u00bb, afirm\u00f3 Luis Castellano ante los medios y agreg\u00f3: \u00abeste convenio posibilitar\u00e1 la generaci\u00f3n de actividades que fortalezcan la din\u00e1mica emprendedora de la ciudad, el fomento de la cultura emprendedora\u00bb, agreg\u00f3 el primer mandatario. \u00abEs un adelanto significativo formar parte de este programa, sobre todo en estos tiempos en que necesitamos potenciar el trabajo, el empleo y la generaci\u00f3n de ideas innovadoras al servicio de la producci\u00f3n local\u00bb, subray\u00f3.<\/p>\n<p>Recordemos que desde el a\u00f1o 2009 el municipio desarrolla programas de apoyo a emprendedores, donde ya pasaron m\u00e1s de 200 por diferentes iniciativas. Adem\u00e1s, m\u00e1s del 70% de esos emprendimientos a\u00fan est\u00e1n en marcha.<\/p>\n<p>\u00abDefinitivamente, para el estado municipal, trabajar en el apoyo a los emprendedores, tanto en t\u00e9rminos econ\u00f3micos como de log\u00edstica y de conocimientos, y poder acompa\u00f1arlos en todo el proceso, es un gran desaf\u00edo, m\u00e1s aun en la actualidad, en el marco de un escenario en el que se presenta la necesidad de ser creativos e innovadores\u00bb, agreg\u00f3 Marcos Corach,<\/p>\n<p>Por su parte, Diego Peiretti aport\u00f3: \u00abnosotros fuimos convocados desde el primer momento en que surgi\u00f3 la propuesta, participamos de los talleres para determinar cu\u00e1les eran las necesidades de las ciudades; Rafaela tiene un recorrido amplio de trabajo en materia de emprendedurismo, por eso sumamos ideas a este programa nacional que se pone en marcha ahora\u00bb, manifest\u00f3.<\/p>\n<p><strong>INTENCIONES DEL PROGRAMA<\/strong><br \/>\nEn cuanto a la creaci\u00f3n del mismo, el programa ten\u00eda la intenci\u00f3n, para este primer a\u00f1o, de asistir a 30 ciudades.<\/p>\n<p>Una vez que se abri\u00f3 una convocatoria en la que hab\u00eda que presentar un diagn\u00f3stico de la ciudad y plantear una iniciativa. All\u00ed fueron 120 ciudades del pa\u00eds las postuladas, de las que se eligieron 30, entre ellas Rafaela. Ayer, el intendente firm\u00f3 el convenio para formalizar la relaci\u00f3n entre el municipio y la Subsecretar\u00eda de Emprendedores del gobierno nacional, para comenzar a trabajar.<\/p>\n<p>Ahora, la ciudad recibir\u00e1 un aporte de 200 mil pesos para fortalecer el ecosistema emprendedor. Esto no ser\u00e1 una asistencia directa al emprendedor, sino a las instituciones que trabajan por el emprendedurismo.<br \/>\nEn tanto, desde el programa se seleccionar\u00e1 una contraparte local, a una persona del municipio como agente vinculador, que en este caso ser\u00e1 Peiretti, para llevar adelante el programa desde Rafaela, y para eso habr\u00e1 una capacitaci\u00f3n muy intensa. \u00abEstamos entusiasmados y felices de que nos hayan elegido\u00bb, concluy\u00f3 el encargado.<\/p>\n<h6>Fuente: La Opini\u00f3n<\/h6>\n","protected":false},"excerpt":{"rendered":"<p>Fueron 120 ciudades del pa\u00eds las postuladas, de las que se eligieron 30, entre ellas Rafaela. Castellano firm\u00f3 el convenio para formalizar la relaci\u00f3n entre el municipio y la Subsecretar\u00eda de Emprendedores del gobierno nacional<\/p>\n","protected":false},"author":2,"featured_media":51669,"comment_status":"closed","ping_status":"closed","sticky":false,"template":"","format":"standard","meta":{"footnotes":""},"categories":[2],"tags":[10],"class_list":["post-51668","post","type-post","status-publish","format-standard","has-post-thumbnail","hentry","category-informe-municipal","tag-santa-fe"],"_links":{"self":[{"href":"http:\/\/argentinamunicipal.com.ar\/argentina\/wp-json\/wp\/v2\/posts\/51668","targetHints":{"allow":["GET"]}}],"collection":[{"href":"http:\/\/argentinamunicipal.com.ar\/argentina\/wp-json\/wp\/v2\/posts"}],"about":[{"href":"http:\/\/argentinamunicipal.com.ar\/argentina\/wp-json\/wp\/v2\/types\/post"}],"author":[{"embeddable":true,"href":"http:\/\/argentinamunicipal.com.ar\/argentina\/wp-json\/wp\/v2\/users\/2"}],"replies":[{"embeddable":true,"href":"http:\/\/argentinamunicipal.com.ar\/argentina\/wp-json\/wp\/v2\/comments?post=51668"}],"version-history":[{"count":0,"href":"http:\/\/argentinamunicipal.com.ar\/argentina\/wp-json\/wp\/v2\/posts\/51668\/revisions"}],"wp:featuredmedia":[{"embeddable":true,"href":"http:\/\/argentinamunicipal.com.ar\/argentina\/wp-json\/wp\/v2\/media\/51669"}],"wp:attachment":[{"href":"http:\/\/argentinamunicipal.com.ar\/argentina\/wp-json\/wp\/v2\/media?parent=51668"}],"wp:term":[{"taxonomy":"category","embeddable":true,"href":"http:\/\/argentinamunicipal.com.ar\/argentina\/wp-json\/wp\/v2\/categories?post=51668"},{"taxonomy":"post_tag","embeddable":true,"href":"http:\/\/argentinamunicipal.com.ar\/argentina\/wp-json\/wp\/v2\/tags?post=51668"}],"curies":[{"name":"wp","href":"https:\/\/api.w.org\/{rel}","templated":true}]}}